{"id":1751,"date":"2025-02-18T17:56:07","date_gmt":"2025-02-18T17:56:07","guid":{"rendered":"https:\/\/www.german-flattrack.de\/?p=1751"},"modified":"2025-11-04T11:08:05","modified_gmt":"2025-11-04T11:08:05","slug":"fahrer-profile-riders-profiles","status":"publish","type":"post","link":"https:\/\/www.german-flattrack.de\/en\/fahrer-profile-riders-profiles\/","title":{"rendered":"Fahrer Profile \/ Riders Profiles"},"content":{"rendered":"<p>Hier findest du die Profile der Flattrack Fahrer Deutschlands bzw. Europas. Nat\u00fcrlich nur, wenn sie sich auf der Webseite eingetragen haben. Here you can find the profiles of the flat track drivers in Germany and Europe. Of course, only if you have registered on the website.<!--more--><\/p>\n<p>Die M\u00f6glichkeit dein Profil hoch zu laden, findest du hier: <a title=\"Fahrer Register \/ Rider register\" href=\"https:\/\/www.german-flattrack.de\/register\/\" target=\"_blank\" rel=\"noopener\">Fahrer Register \/ Rider register<\/a><\/p>\n<p>Wir w\u00fcrden uns freuen!<\/p>\n<p>You can find the option to upload your profile here: <a title=\"Fahrer Register \/ Rider register\" href=\"https:\/\/www.german-flattrack.de\/register\/\" target=\"_blank\" rel=\"noopener\">Fahrer Register \/ Rider register<\/a>&nbsp;<\/p>\n<p>We would be pleased.<\/p>\n<p><img loading=\"lazy\" decoding=\"async\" class=\"aligncenter wp-image-2536 size-medium\" src=\"http:\/\/www.german-flattrack.de\/wp-content\/uploads\/2025\/06\/Logo_gold_quer-300x109.png\" alt=\"\" width=\"300\" height=\"109\" srcset=\"https:\/\/www.german-flattrack.de\/wp-content\/uploads\/2025\/06\/Logo_gold_quer-300x109.png 300w, https:\/\/www.german-flattrack.de\/wp-content\/uploads\/2025\/06\/Logo_gold_quer-1024x373.png 1024w, https:\/\/www.german-flattrack.de\/wp-content\/uploads\/2025\/06\/Logo_gold_quer-768x280.png 768w, https:\/\/www.german-flattrack.de\/wp-content\/uploads\/2025\/06\/Logo_gold_quer-1536x559.png 1536w, https:\/\/www.german-flattrack.de\/wp-content\/uploads\/2025\/06\/Logo_gold_quer-2048x746.png 2048w\" sizes=\"auto, (max-width: 300px) 100vw, 300px\" \/><\/p>\n<h6 style=\"text-align: center;\"><span style=\"font-size: 24pt;\"><strong>RIDER<br \/>\n<\/strong><\/span><\/h6>\n<p><span style=\"font-size: 21px;\"><strong>Reihenfolge nach Startnummern! \/ Order according to starting numbers!<\/strong><\/span><\/p>\n<p><img loading=\"lazy\" decoding=\"async\" class=\"alignleft wp-image-2191 size-thumbnail\" src=\"http:\/\/www.german-flattrack.de\/wp-content\/uploads\/2025\/02\/Bildschirmfoto-2025-05-20-um-23.15.32-150x150.jpg\" alt=\"\" width=\"150\" height=\"150\"><\/p>\n<h6><b>Name<\/b>:<strong> Ralf Pahmeyer<\/strong><\/h6>\n<h6><b>Motorrad<\/b>: Yamaha SR 500<\/h6>\n<h6><b>Klassen<\/b>: ROOKIE<\/h6>\n<h6><b>Startnummer<\/b>: 0<\/h6>\n<h6><b>Wohnort<\/b>: Frankfurt<\/h6>\n<h6><strong>Beginn:<\/strong> Mit Freunden &#8211; Anfangs mit normalen Strassenmotorr\u00e4der<\/h6>\n<p>&nbsp;<\/p>\n<figure id=\"attachment_2638\" aria-describedby=\"caption-attachment-2638\" style=\"width: 150px\" class=\"wp-caption alignleft\"><img loading=\"lazy\" decoding=\"async\" class=\"wp-image-2638 size-thumbnail\" src=\"http:\/\/www.german-flattrack.de\/wp-content\/uploads\/2025\/02\/Bildschirmfoto-2025-06-08-um-21.25.39-150x150.jpg\" alt=\"\" width=\"150\" height=\"150\"><figcaption id=\"caption-attachment-2638\" class=\"wp-caption-text\">Emilie Lebon<\/figcaption><\/figure>\n<h6><b>Name<\/b>: <strong>Emilie Lebon<\/strong><\/h6>\n<h6><b>Motorrad<\/b>: Royal Enfield FT411<\/h6>\n<h6><b>Startnummer<\/b>: 3<\/h6>\n<h6><b>Klasse: <\/b>ROOKIE<\/h6>\n<p>&nbsp;<\/p>\n<p>&nbsp;<\/p>\n<figure id=\"attachment_2802\" aria-describedby=\"caption-attachment-2802\" style=\"width: 150px\" class=\"wp-caption alignleft\"><img loading=\"lazy\" decoding=\"async\" class=\"wp-image-2802 size-thumbnail\" src=\"http:\/\/www.german-flattrack.de\/wp-content\/uploads\/2025\/02\/Bildschirmfoto-2025-08-04-um-14.23.52-150x150.jpg\" alt=\"\" width=\"150\" height=\"150\"><figcaption id=\"caption-attachment-2802\" class=\"wp-caption-text\">Sophia Schellmann<\/figcaption><\/figure>\n<h6><b><img loading=\"lazy\" decoding=\"async\" class=\"size-thumbnail wp-image-2800 alignleft\" src=\"http:\/\/www.german-flattrack.de\/wp-content\/uploads\/2025\/02\/Bildschirmfoto-2025-08-04-um-14.24.08-150x150.jpg\" alt=\"\" width=\"150\" height=\"150\">Name<\/b>: <strong>Sophia Schellmann<\/strong><\/h6>\n<h6><b>Motorrad<\/b>: KTM SX85<\/h6>\n<h6><b>Startnummer<\/b>: 3<\/h6>\n<h6><b>Klasse: <\/b>FEMALE<\/h6>\n<p>&nbsp;<\/p>\n<p>&nbsp;<\/p>\n<figure id=\"attachment_2820\" aria-describedby=\"caption-attachment-2820\" style=\"width: 150px\" class=\"wp-caption alignleft\"><img loading=\"lazy\" decoding=\"async\" class=\"wp-image-2820 size-thumbnail\" src=\"http:\/\/www.german-flattrack.de\/wp-content\/uploads\/2025\/02\/Bildschirmfoto-2025-08-04-um-14.43.18-150x150.jpg\" alt=\"\" width=\"150\" height=\"150\"><figcaption id=\"caption-attachment-2820\" class=\"wp-caption-text\">Stephan Bohlen<\/figcaption><\/figure>\n<h6><b><img loading=\"lazy\" decoding=\"async\" class=\"size-thumbnail wp-image-2822 alignleft\" src=\"http:\/\/www.german-flattrack.de\/wp-content\/uploads\/2025\/02\/Bildschirmfoto-2025-08-04-um-14.43.31-150x150.jpg\" alt=\"\" width=\"150\" height=\"150\">Name<\/b>: <strong>Stephan Bohlen<\/strong><\/h6>\n<h6><b>Motorrad<\/b>: Yamaha yz450f<\/h6>\n<h6><b>Startnummer<\/b>: 4<\/h6>\n<h6><b>Klasse: <\/b>ROOKIE<\/h6>\n<p>&nbsp;<\/p>\n<p>&nbsp;<\/p>\n<figure id=\"attachment_2884\" aria-describedby=\"caption-attachment-2884\" style=\"width: 150px\" class=\"wp-caption alignleft\"><img loading=\"lazy\" decoding=\"async\" class=\"wp-image-2884 size-thumbnail\" src=\"http:\/\/www.german-flattrack.de\/wp-content\/uploads\/2025\/02\/Bildschirmfoto-2025-08-04-um-15.55.01-150x150.jpg\" alt=\"\" width=\"150\" height=\"150\"><figcaption id=\"caption-attachment-2884\" class=\"wp-caption-text\">Steffen Klingelh\u00f6fer<\/figcaption><\/figure>\n<h6><b>Name<\/b>: <strong>Steffen Klingelh\u00f6fer<\/strong><\/h6>\n<h6><b>Motorrad<\/b>: Yamaha sr 500<\/h6>\n<h6><b>Startnummer<\/b>: 4<\/h6>\n<h6><b>Wohnort<\/b>: 35756 Mittenaar<\/h6>\n<h6><b>Klasse: <\/b>CLASSIC (1976-1989)<\/h6>\n<p>&nbsp;<\/p>\n<p>&nbsp;<\/p>\n<figure id=\"attachment_2263\" aria-describedby=\"caption-attachment-2263\" style=\"width: 150px\" class=\"wp-caption alignleft\"><img loading=\"lazy\" decoding=\"async\" class=\"wp-image-2263 size-thumbnail\" src=\"http:\/\/www.german-flattrack.de\/wp-content\/uploads\/2025\/02\/Bildschirmfoto-2025-05-22-um-09.44.11-1-150x150.jpg\" alt=\"\" width=\"150\" height=\"150\"><figcaption id=\"caption-attachment-2263\" class=\"wp-caption-text\">Felix Haas<\/figcaption><\/figure>\n<h6><b><img loading=\"lazy\" decoding=\"async\" class=\"size-thumbnail wp-image-2265 alignleft\" src=\"http:\/\/www.german-flattrack.de\/wp-content\/uploads\/2025\/02\/Bildschirmfoto-2025-05-22-um-09.44.28-150x150.jpg\" alt=\"\" width=\"150\" height=\"150\">Name<\/b>:<strong> Felix Haas<\/strong><\/h6>\n<h6><b>Motorrad<\/b>: ROOKIE \/ THUNDERBIKE<\/h6>\n<h6><b>Startnummer<\/b>: 5<\/h6>\n<h6><b>Vereinsmitglied<\/b>: MSC Diedenbergen<\/h6>\n<h6><b>Text<\/b>: Mein allererstes Rennen war in Wolfslake vor f\u00fcnf Jahren, und der Virus war hoch ansteckend&#8230;. Jetzt bin ich &#8220;mittendrin&#8221; statt nur dabei. Ich freue mich auf das erste gro\u00dfe Flattrack-Event in Diedenbergen unter meiner F\u00fchrung des Vereins, ich freue mich sehr darauf, Euch ALLE an der Strecke begr\u00fc\u00dfen zu k\u00f6nnen!!!<\/h6>\n<p>&nbsp;<\/p>\n<h6><b><img loading=\"lazy\" decoding=\"async\" class=\"size-thumbnail wp-image-2826 alignleft\" src=\"http:\/\/www.german-flattrack.de\/wp-content\/uploads\/2025\/02\/Bildschirmfoto-2025-08-04-um-14.49.22-150x150.jpg\" alt=\"\" width=\"150\" height=\"150\"> <img loading=\"lazy\" decoding=\"async\" class=\"size-thumbnail wp-image-2828 alignleft\" src=\"http:\/\/www.german-flattrack.de\/wp-content\/uploads\/2025\/02\/Bildschirmfoto-2025-08-04-um-14.49.37-150x150.jpg\" alt=\"\" width=\"150\" height=\"150\">Name<\/b>: <strong>Marc Offenberg<\/strong><\/h6>\n<h6><b>Motorrad<\/b>: Honda 450 crf<\/h6>\n<h6><b>Startnummer<\/b>: 6<\/h6>\n<h6><b>Wohnort<\/b>: dalfsen<\/h6>\n<h6><b>Klasse: <\/b>NEWBIE<\/h6>\n<p>&nbsp;<\/p>\n<figure id=\"attachment_2299\" aria-describedby=\"caption-attachment-2299\" style=\"width: 150px\" class=\"wp-caption alignleft\"><img loading=\"lazy\" decoding=\"async\" class=\"wp-image-2299 size-thumbnail\" src=\"http:\/\/www.german-flattrack.de\/wp-content\/uploads\/2025\/02\/PHOTO-2025-05-23-12-12-33-150x150.jpg\" alt=\"\" width=\"150\" height=\"150\" srcset=\"https:\/\/www.german-flattrack.de\/wp-content\/uploads\/2025\/02\/PHOTO-2025-05-23-12-12-33-150x150.jpg 150w, https:\/\/www.german-flattrack.de\/wp-content\/uploads\/2025\/02\/PHOTO-2025-05-23-12-12-33-300x300.jpg 300w, https:\/\/www.german-flattrack.de\/wp-content\/uploads\/2025\/02\/PHOTO-2025-05-23-12-12-33-1024x1024.jpg 1024w, https:\/\/www.german-flattrack.de\/wp-content\/uploads\/2025\/02\/PHOTO-2025-05-23-12-12-33-768x768.jpg 768w, https:\/\/www.german-flattrack.de\/wp-content\/uploads\/2025\/02\/PHOTO-2025-05-23-12-12-33.jpg 1066w\" sizes=\"auto, (max-width: 150px) 100vw, 150px\" \/><figcaption id=\"caption-attachment-2299\" class=\"wp-caption-text\">J\u00f6rg Reckendrees<\/figcaption><\/figure>\n<h6><b><img loading=\"lazy\" decoding=\"async\" class=\"size-thumbnail wp-image-2297 alignleft\" src=\"http:\/\/www.german-flattrack.de\/wp-content\/uploads\/2025\/02\/PHOTO-2025-05-23-12-09-47-2-150x150.jpg\" alt=\"\" width=\"150\" height=\"150\"> Name<\/b>: <strong>J\u00f6rg Reckendrees<\/strong><\/h6>\n<h6><b>Motorrad<\/b>: Yamaha Staracer<\/h6>\n<h6><b>Klassen<\/b>: VINTAGE<\/h6>\n<h6><b>Startnummer<\/b>: 7<\/h6>\n<h6><b>Social Media<\/b>: Recki7racing<\/h6>\n<h6><b>Wohnort<\/b>: HAMBURG<\/h6>\n<h6><b>Text<\/b>: Im Alter vorm TV zu verrotten war nicht geplant. Also, weiterhin alles mal ausprobieren. Flat Track beobachte ich seit 15 Jahre. Aber der Unterhalt hat mir das Genick gebrochen. Dann auf einmal 2019 Training in Albersdorf.G\u00fcnstiger konnte ich an den Traum vom Motorsport nicht drankommen. Und jetzt eier ich hier rum. Ride and feel free!<\/h6>\n<p>&nbsp;<\/p>\n<p>&nbsp;<\/p>\n<figure id=\"attachment_3472\" aria-describedby=\"caption-attachment-3472\" style=\"width: 150px\" class=\"wp-caption alignleft\"><img loading=\"lazy\" decoding=\"async\" class=\"wp-image-3472 size-thumbnail\" src=\"http:\/\/www.german-flattrack.de\/wp-content\/uploads\/2025\/02\/Bildschirmfoto-2025-10-25-um-12.52.36-150x150.jpg\" alt=\"\" width=\"150\" height=\"150\"><figcaption id=\"caption-attachment-3472\" class=\"wp-caption-text\">Jolanda Westerveld<\/figcaption><\/figure>\n<h6><b>Name<\/b>: Jolanda Westerveld<\/h6>\n<h6><b>Motorrad<\/b>: Honda XR400<\/h6>\n<h6><b>Klassen<\/b>: NEWBIE, FEMALE<\/h6>\n<h6><b>Startnummer<\/b>: 8<\/h6>\n<h6><b>Anzahl Rennen<\/b>: 15<\/h6>\n<h6><b>SocialMedia<\/b>: jolanda.w.1969<\/h6>\n<h6><b>Wohnort<\/b>: Willemstad<\/h6>\n<p><img loading=\"lazy\" decoding=\"async\" class=\"alignleft wp-image-2156 size-thumbnail\" src=\"http:\/\/www.german-flattrack.de\/wp-content\/uploads\/2025\/02\/Bildschirmfoto-2025-05-20-um-22.10.45-150x150.jpg\" alt=\"\" width=\"150\" height=\"150\"><\/p>\n<figure id=\"attachment_2158\" aria-describedby=\"caption-attachment-2158\" style=\"width: 150px\" class=\"wp-caption alignleft\"><img loading=\"lazy\" decoding=\"async\" class=\"wp-image-2158 size-thumbnail\" src=\"http:\/\/www.german-flattrack.de\/wp-content\/uploads\/2025\/02\/Bildschirmfoto-2025-05-20-um-22.11.01-150x150.jpg\" alt=\"\" width=\"150\" height=\"150\"><figcaption id=\"caption-attachment-2158\" class=\"wp-caption-text\">Lucas Gregorowicz<\/figcaption><\/figure>\n<h6><b>Name<\/b>: <strong>Lucas Gregorowicz<\/strong><\/h6>\n<h6><b>Motorrad<\/b>: Triumph Panther<\/h6>\n<h6><b>Klassen<\/b>: AMATEUR, PRO, VINTAGE<\/h6>\n<h6><b>Startnummer<\/b>: 9&nbsp;<\/h6>\n<h6><b>Wohnort<\/b>: Berlin<\/h6>\n<p>&nbsp;<\/p>\n<figure id=\"attachment_3073\" aria-describedby=\"caption-attachment-3073\" style=\"width: 150px\" class=\"wp-caption alignleft\"><img loading=\"lazy\" decoding=\"async\" class=\"wp-image-3073 size-thumbnail\" src=\"http:\/\/www.german-flattrack.de\/wp-content\/uploads\/2025\/02\/Bildschirmfoto-2025-08-14-um-14.32.08-150x150.jpg\" alt=\"\" width=\"150\" height=\"150\"><figcaption id=\"caption-attachment-3073\" class=\"wp-caption-text\">Conny Ivarsson<\/figcaption><\/figure>\n<h6 style=\"text-align: left;\"><b><img loading=\"lazy\" decoding=\"async\" class=\"alignleft wp-image-3075 size-thumbnail\" src=\"http:\/\/www.german-flattrack.de\/wp-content\/uploads\/2025\/02\/Bildschirmfoto-2025-08-14-um-14.32.32-150x150.jpg\" alt=\"\" width=\"150\" height=\"150\">Name<\/b>:<strong> Conny Ivarsson<\/strong><\/h6>\n<h6 style=\"text-align: left;\"><b>Motorrad<\/b>: Harley-Davidson XR750 and Co-Built<\/h6>\n<h6 style=\"text-align: left;\"><b>Klassen<\/b>: THUNDERBIKE<\/h6>\n<h6 style=\"text-align: left;\"><b>Startnummer<\/b>: 12<\/h6>\n<h6 style=\"text-align: left;\"><b>Anzahl<\/b>: apx 20<\/h6>\n<h6 style=\"text-align: left;\"><b>SocialMedia<\/b>: @tkac_flattrackracingteam<\/h6>\n<h6 style=\"text-align: left;\"><b>Wohnort<\/b>: Vetlanda Sweden<\/h6>\n<h6 style=\"text-align: left;\"><b>Textarea<\/b>: Started Flat track 5-6 years ago, but having a 23 year long career as speedway pro in Sweden, Germany and UK, back in the 80s and 90s and early 20s. 12-15 years in Swedish national speedway team, world finalist as well as multiple Swedish champion. In Flat track i have been fortunate too. Swedish Champion as well as German 2023 and Nordic for some years. Just ended the Nordic Championship last weekend and kept the title in spite of passing the 60 year-limit \ud83d\ude42 Ride flat track for pure fun and try not to take it too serious. The social part is equal as important and I really enjoy the varaity of bikes and classes which in many ways makes it more accessable for riders of different levels and with different goals. Im also partner in organizing the Nordic Flat track Championship, this year for the fifth time.<\/h6>\n<p>&nbsp;<\/p>\n<h6><b><img loading=\"lazy\" decoding=\"async\" class=\"size-thumbnail wp-image-2878 alignleft\" src=\"http:\/\/www.german-flattrack.de\/wp-content\/uploads\/2025\/02\/Bildschirmfoto-2025-08-04-um-15.46.45-150x150.jpg\" alt=\"\" width=\"150\" height=\"150\">Name<\/b>: <strong>Michael Beger<\/strong><\/h6>\n<h6><b>Motorrad<\/b>: Yamaha xt 600<\/h6>\n<h6><b>Startnummer<\/b>: 13<\/h6>\n<h6><b>Wohnort<\/b>: 86857 Hurlach Kronwetterstr. 3<\/h6>\n<h6><b>Klasse: <\/b>CLASSIC (1976-1989)<\/h6>\n<p>&nbsp;<\/p>\n<figure id=\"attachment_2880\" aria-describedby=\"caption-attachment-2880\" style=\"width: 150px\" class=\"wp-caption alignleft\"><img loading=\"lazy\" decoding=\"async\" class=\"wp-image-2880 size-thumbnail\" src=\"http:\/\/www.german-flattrack.de\/wp-content\/uploads\/2025\/02\/Bildschirmfoto-2025-08-04-um-15.48.49-150x150.jpg\" alt=\"\" width=\"150\" height=\"150\"><figcaption id=\"caption-attachment-2880\" class=\"wp-caption-text\">Marcel Klepel<\/figcaption><\/figure>\n<h6><b><img loading=\"lazy\" decoding=\"async\" class=\"size-thumbnail wp-image-2882 alignleft\" src=\"http:\/\/www.german-flattrack.de\/wp-content\/uploads\/2025\/02\/Bildschirmfoto-2025-08-04-um-15.49.00-150x150.jpg\" alt=\"\" width=\"150\" height=\"150\">Name<\/b>: <strong>Marcel Klepel<\/strong><\/h6>\n<h6><b>Motorrad<\/b>: Honda XL 500s<\/h6>\n<h6><b>Startnummer<\/b>: 15<\/h6>\n<h6><b>Wohnort<\/b>: Bergisch Gladbach<\/h6>\n<h6><b>Klasse:<\/b>&nbsp;NEWBIE, CLASSIC (1976-1989)<\/h6>\n<h6><b>Text<\/b>: Letztes Jahr mit Flattrack gestarten und in Diedenbergen den 2.Platz bei den Newbies geholt, diesmal dann den 1.Platz&#8230; \ud83d\ude05<\/h6>\n<p>&nbsp;<\/p>\n<h6><b><img loading=\"lazy\" decoding=\"async\" class=\"size-thumbnail wp-image-2698 alignleft\" src=\"http:\/\/www.german-flattrack.de\/wp-content\/uploads\/2025\/02\/Bildschirmfoto-2025-07-13-um-22.38.30-150x150.jpg\" alt=\"\" width=\"150\" height=\"150\"><\/b><\/h6>\n<figure id=\"attachment_2700\" aria-describedby=\"caption-attachment-2700\" style=\"width: 150px\" class=\"wp-caption alignleft\"><img loading=\"lazy\" decoding=\"async\" class=\"wp-image-2700 size-thumbnail\" src=\"http:\/\/www.german-flattrack.de\/wp-content\/uploads\/2025\/02\/Bildschirmfoto-2025-07-13-um-22.38.13-150x150.jpg\" alt=\"\" width=\"150\" height=\"150\"><figcaption id=\"caption-attachment-2700\" class=\"wp-caption-text\">Steve Tollmann<\/figcaption><\/figure>\n<h6><b>Name<\/b>:<strong> Steve Tollmann<\/strong><\/h6>\n<h6><b>Motorrad<\/b>: TT500<\/h6>\n<h6><b>Startnummer<\/b>: 17<\/h6>\n<h6><b>Social<\/b>: steve_tlmn<\/h6>\n<h6><b>Wohnort<\/b>: Willinghusen<\/h6>\n<h6>Erstes mal Flattrack beim Golden Hotshoe \u00b425 und jetzt angefixt.<\/h6>\n<h6>&nbsp;<\/h6>\n<figure id=\"attachment_2833\" aria-describedby=\"caption-attachment-2833\" style=\"width: 150px\" class=\"wp-caption alignleft\"><img loading=\"lazy\" decoding=\"async\" class=\"wp-image-2833 size-thumbnail\" src=\"http:\/\/www.german-flattrack.de\/wp-content\/uploads\/2025\/02\/Bildschirmfoto-2025-08-04-um-14.52.13-150x150.jpg\" alt=\"\" width=\"150\" height=\"150\"><figcaption id=\"caption-attachment-2833\" class=\"wp-caption-text\">Kosta<\/figcaption><\/figure>\n<h6><b><img loading=\"lazy\" decoding=\"async\" class=\"size-thumbnail wp-image-2831 alignleft\" src=\"http:\/\/www.german-flattrack.de\/wp-content\/uploads\/2025\/02\/Bildschirmfoto-2025-08-04-um-14.52.25-150x150.jpg\" alt=\"\" width=\"150\" height=\"150\">Name<\/b>: <strong>Kosta<\/strong><\/h6>\n<h6><b>Motorrad<\/b>: HONDA XL 500 S<\/h6>\n<h6><b>Startnummer<\/b>: 19<\/h6>\n<h6><b>Social<\/b>: @gamotomoto<\/h6>\n<h6><b>Wohnort<\/b>: L\u00fcdenscheid<\/h6>\n<p>&nbsp;<\/p>\n<p>&nbsp;<\/p>\n<figure id=\"attachment_2864\" aria-describedby=\"caption-attachment-2864\" style=\"width: 150px\" class=\"wp-caption alignleft\"><img loading=\"lazy\" decoding=\"async\" class=\"wp-image-2864 size-thumbnail\" src=\"http:\/\/www.german-flattrack.de\/wp-content\/uploads\/2025\/02\/Bildschirmfoto-2025-08-04-um-15.35.53-150x150.jpg\" alt=\"\" width=\"150\" height=\"150\"><figcaption id=\"caption-attachment-2864\" class=\"wp-caption-text\">Nina Lange<\/figcaption><\/figure>\n<h6><b><img loading=\"lazy\" decoding=\"async\" class=\"size-thumbnail wp-image-2862 alignleft\" src=\"http:\/\/www.german-flattrack.de\/wp-content\/uploads\/2025\/02\/Bildschirmfoto-2025-08-04-um-15.36.09-150x150.jpg\" alt=\"\" width=\"150\" height=\"150\">Name<\/b>: <strong>Nina Lange<\/strong><\/h6>\n<h6><b>Motorrad<\/b>: SR500<\/h6>\n<h6><b>Startnummer<\/b>: 20<\/h6>\n<h6><b>Social<\/b>: https:\/\/www.instagram.com\/rengas_moto_wear\/#<\/h6>\n<h6><b>Wohnort<\/b>: Hamburg<\/h6>\n<h6><b>Rennen<\/b>: Female Flat Track Racer<\/h6>\n<p>&nbsp;<\/p>\n<figure id=\"attachment_2559\" aria-describedby=\"caption-attachment-2559\" style=\"width: 150px\" class=\"wp-caption alignleft\"><img loading=\"lazy\" decoding=\"async\" class=\"wp-image-2559 size-thumbnail\" src=\"http:\/\/www.german-flattrack.de\/wp-content\/uploads\/2025\/02\/Bildschirmfoto-2025-06-08-um-18.14.30-150x150.jpg\" alt=\"\" width=\"150\" height=\"150\"><figcaption id=\"caption-attachment-2559\" class=\"wp-caption-text\">Hermann K\u00f6pf<\/figcaption><\/figure>\n<h6><b><img loading=\"lazy\" decoding=\"async\" class=\"size-thumbnail wp-image-2561 alignleft\" src=\"http:\/\/www.german-flattrack.de\/wp-content\/uploads\/2025\/02\/Bildschirmfoto-2025-06-08-um-18.14.59-150x150.jpg\" alt=\"\" width=\"150\" height=\"150\">Name<\/b>: <strong>Hermann K\u00f6pf<\/strong><\/h6>\n<h6><b>Motorrad<\/b>: Harley-Davidson KK 750<\/h6>\n<h6><b>Startnummer<\/b>: 21<\/h6>\n<h6><b>Klasse: <\/b>VINTAGE&nbsp;<\/h6>\n<p>&nbsp;<\/p>\n<p>&nbsp;<\/p>\n<h6><b><img loading=\"lazy\" decoding=\"async\" class=\"size-thumbnail wp-image-2807 alignleft\" src=\"http:\/\/www.german-flattrack.de\/wp-content\/uploads\/2025\/02\/Bildschirmfoto-2025-08-04-um-14.28.12-150x150.jpg\" alt=\"\" width=\"150\" height=\"150\"><img loading=\"lazy\" decoding=\"async\" class=\"size-thumbnail wp-image-2805 alignleft\" src=\"http:\/\/www.german-flattrack.de\/wp-content\/uploads\/2025\/02\/Bildschirmfoto-2025-08-04-um-14.28.23-150x150.jpg\" alt=\"\" width=\"150\" height=\"150\">Name<\/b>: <strong>Stefan PION<\/strong><\/h6>\n<h6><b>Motorrad<\/b>: XT 600<\/h6>\n<h6><b>Startnummer<\/b>: 22<\/h6>\n<h6><b>Klasse: <\/b>CLASSIC (1976-1989)<\/h6>\n<p>&nbsp;<\/p>\n<p>&nbsp;<\/p>\n<figure id=\"attachment_2874\" aria-describedby=\"caption-attachment-2874\" style=\"width: 150px\" class=\"wp-caption alignleft\"><img loading=\"lazy\" decoding=\"async\" class=\"wp-image-2874 size-thumbnail\" src=\"http:\/\/www.german-flattrack.de\/wp-content\/uploads\/2025\/02\/Bildschirmfoto-2025-08-04-um-15.44.40-150x150.jpg\" alt=\"\" width=\"150\" height=\"150\"><figcaption id=\"caption-attachment-2874\" class=\"wp-caption-text\">Olaf Brandt<\/figcaption><\/figure>\n<h6><b><img loading=\"lazy\" decoding=\"async\" class=\"size-thumbnail wp-image-2876 alignleft\" src=\"http:\/\/www.german-flattrack.de\/wp-content\/uploads\/2025\/02\/Bildschirmfoto-2025-08-04-um-15.44.51-150x150.jpg\" alt=\"\" width=\"150\" height=\"150\">Name<\/b>:<strong> Olaf Brandt<\/strong><\/h6>\n<h6><b>Motorrad<\/b>: Honda XL600R<\/h6>\n<h6><b>Startnummer<\/b>: 22<\/h6>\n<h6><b>Wohnort<\/b>: Hamburg<\/h6>\n<h6><b>Klasse: <\/b>ROOKIE<\/h6>\n<h6><b>Text<\/b>: tolle Leute , klasse Maschinen, ohne Bremse im Kreis &#8230; was willste mehr<\/h6>\n<p>&nbsp;<\/p>\n<p><img loading=\"lazy\" decoding=\"async\" class=\"alignleft wp-image-2167 size-thumbnail\" src=\"http:\/\/www.german-flattrack.de\/wp-content\/uploads\/2025\/02\/Bildschirmfoto-2025-05-20-um-22.22.24-150x150.jpg\" alt=\"\" width=\"150\" height=\"150\"><\/p>\n<h6><b><img loading=\"lazy\" decoding=\"async\" class=\"size-thumbnail wp-image-2165 alignleft\" src=\"http:\/\/www.german-flattrack.de\/wp-content\/uploads\/2025\/02\/Bildschirmfoto-2025-05-20-um-22.22.47-150x150.jpg\" alt=\"\" width=\"150\" height=\"150\">Name<\/b>: <strong>Scott Deneux<\/strong><\/h6>\n<h6><b>Motorrad<\/b>: Champion TT500&nbsp;<\/h6>\n<h6><b>Klassen<\/b>: PRO, VINTAGE<\/h6>\n<h6><b>Startnummer<\/b>: 24<\/h6>\n<h6><b>Social Media<\/b>: FB: Scott Deneux Insta: scottwrmc24<\/h6>\n<h6><b>Wohnort<\/b>: France&nbsp;<\/h6>\n<h6><b>Beginn: <\/b>Flat tracker enthusiast since i was child it starting when i watched &#8220;On any Sunday&#8221;<\/h6>\n<h6>&nbsp;<\/h6>\n<figure id=\"attachment_3067\" aria-describedby=\"caption-attachment-3067\" style=\"width: 150px\" class=\"wp-caption alignleft\"><img loading=\"lazy\" decoding=\"async\" class=\"wp-image-3067 size-thumbnail\" src=\"http:\/\/www.german-flattrack.de\/wp-content\/uploads\/2025\/02\/Bildschirmfoto-2025-08-14-um-14.26.19-150x150.jpg\" alt=\"\" width=\"150\" height=\"150\" srcset=\"https:\/\/www.german-flattrack.de\/wp-content\/uploads\/2025\/02\/Bildschirmfoto-2025-08-14-um-14.26.19-150x150.jpg 150w, https:\/\/www.german-flattrack.de\/wp-content\/uploads\/2025\/02\/Bildschirmfoto-2025-08-14-um-14.26.19-300x300.jpg 300w, https:\/\/www.german-flattrack.de\/wp-content\/uploads\/2025\/02\/Bildschirmfoto-2025-08-14-um-14.26.19-1024x1024.jpg 1024w, https:\/\/www.german-flattrack.de\/wp-content\/uploads\/2025\/02\/Bildschirmfoto-2025-08-14-um-14.26.19-768x767.jpg 768w, https:\/\/www.german-flattrack.de\/wp-content\/uploads\/2025\/02\/Bildschirmfoto-2025-08-14-um-14.26.19.jpg 1476w\" sizes=\"auto, (max-width: 150px) 100vw, 150px\" \/><figcaption id=\"caption-attachment-3067\" class=\"wp-caption-text\">Raphaela Adamczak<\/figcaption><\/figure>\n<h6><b><img loading=\"lazy\" decoding=\"async\" class=\"alignleft wp-image-3065 size-thumbnail\" src=\"http:\/\/www.german-flattrack.de\/wp-content\/uploads\/2025\/02\/Bildschirmfoto-2025-08-14-um-14.26.04-150x150.jpg\" alt=\"\" width=\"150\" height=\"150\">Name<\/b>: <strong>Raphaela Adamczak<\/strong><\/h6>\n<h6><b>Klassen<\/b>: ROOKIE, VINTAGE<\/h6>\n<h6><b>Startnummer<\/b>: 25<\/h6>\n<h6><b>Anzahl Rennen<\/b>: Bummelig 20<\/h6>\n<h6><b>Wohnort<\/b>: Nusse<\/h6>\n<h6><b>Text<\/b>: Als Fr\u00e4nky 2022 an einem sonnigen Tag vom Klo kam wollte er pl\u00f6tzlich Rennfahrer werden. (Danke Youtube und Helge)<br \/>\nEine Saison habe ich mir das Spektakel vom Rand angesehen und wollte es unbedingt mal ausprobieren. Also, eine CB 400 gekauft und ohne jegliche Motorrad Erfahrung, fahren auf dem Track gelernt. Zwei Jahre lang mit dem Eisenschwein mehr schleichend, alle M\u00f6glichkeiten mitgenommen, schneller zu werden. Letztes Jahr gab es ein neues Motorrad (SR 500). Es l\u00e4uft seitdem und diversen Trainings (MSC Brokstedt, MSC Nordhastedt, Halbemond) wesentlich besser.<br \/>\nDie letzten Jahre haben wir versucht alle Krowdrace und Dutch Flat Track Rennen mitzunehmen. Und sind nat\u00fcrlich auch dieses Jahr in beiden L\u00e4ndern wieder mit dabei.<br \/>\nEinmal infiziert vom Flying Flat Track Circus l\u00e4sst es einen nicht mehr los.<\/h6>\n<p>&nbsp;<\/p>\n<figure id=\"attachment_2628\" aria-describedby=\"caption-attachment-2628\" style=\"width: 150px\" class=\"wp-caption alignleft\"><img loading=\"lazy\" decoding=\"async\" class=\"wp-image-2628 size-thumbnail\" src=\"http:\/\/www.german-flattrack.de\/wp-content\/uploads\/2025\/02\/Bildschirmfoto-2025-06-08-um-21.16.20-150x150.jpg\" alt=\"\" width=\"150\" height=\"150\"><figcaption id=\"caption-attachment-2628\" class=\"wp-caption-text\">Gerben Swaagman<\/figcaption><\/figure>\n<h6><b><img loading=\"lazy\" decoding=\"async\" class=\"size-thumbnail wp-image-2626 alignleft\" src=\"http:\/\/www.german-flattrack.de\/wp-content\/uploads\/2025\/02\/Bildschirmfoto-2025-06-08-um-21.16.49-150x150.jpg\" alt=\"\" width=\"150\" height=\"150\">Name<\/b>: <strong>Gerben Swaagman<\/strong><\/h6>\n<h6><b>Motorrad<\/b>: Honda XL<\/h6>\n<h6><b>Startnummer<\/b>: 26<\/h6>\n<h6><b>Klassen: <\/b>THUNDERBIKE\/HOOLIGAN<\/h6>\n<p>&nbsp;<\/p>\n<p>&nbsp;<\/p>\n<figure id=\"attachment_2160\" aria-describedby=\"caption-attachment-2160\" style=\"width: 150px\" class=\"wp-caption alignleft\"><img loading=\"lazy\" decoding=\"async\" class=\"wp-image-2160 size-thumbnail\" src=\"http:\/\/www.german-flattrack.de\/wp-content\/uploads\/2025\/02\/Bildschirmfoto-2025-05-20-um-22.16.35-150x150.jpg\" alt=\"\" width=\"150\" height=\"150\"><figcaption id=\"caption-attachment-2160\" class=\"wp-caption-text\">Gosse Bergsma<\/figcaption><\/figure>\n<h6><img loading=\"lazy\" decoding=\"async\" class=\"size-thumbnail wp-image-2162 alignleft\" src=\"http:\/\/www.german-flattrack.de\/wp-content\/uploads\/2025\/02\/Bildschirmfoto-2025-05-20-um-22.16.47-150x150.jpg\" alt=\"\" width=\"150\" height=\"150\"><b>Name<\/b>:<strong> Gosse Bergsma<\/strong><\/h6>\n<h6><b>Motorrad<\/b>: Suzuki RMZ 450<\/h6>\n<h6><b>Klassen<\/b>: ROOKIE&nbsp;<\/h6>\n<h6><b>Startnummer<\/b>: 27<\/h6>\n<h6><b>Social Media<\/b>: Junkyard racing instagram&nbsp;<\/h6>\n<h6><b>Wohnort<\/b>: Zevenhuizen, Groningen, Nederland<\/h6>\n<h6><b>Beginn: <\/b>Wheels and wake 2022, Gerben swaagman was riding and at that moment I was know for sure that I wanted to be as fast as him!<b>&nbsp;&nbsp;<\/b><\/h6>\n<p>&nbsp;<\/p>\n<h6><b><img loading=\"lazy\" decoding=\"async\" class=\"size-thumbnail wp-image-2529 alignleft\" src=\"http:\/\/www.german-flattrack.de\/wp-content\/uploads\/2025\/02\/Bildschirmfoto-2025-06-07-um-14.01.05-150x150.jpg\" alt=\"\" width=\"150\" height=\"150\"> <img loading=\"lazy\" decoding=\"async\" class=\"size-thumbnail wp-image-2531 alignleft\" src=\"http:\/\/www.german-flattrack.de\/wp-content\/uploads\/2025\/02\/Bildschirmfoto-2025-06-07-um-14.01.14-150x150.jpg\" alt=\"\" width=\"150\" height=\"150\">Name<\/b>: <strong>Aurel Manthei<\/strong><\/h6>\n<h6><b>Motorrad<\/b>: Yamaha sr500 sandpiper<\/h6>\n<h6><b>Klassen<\/b>: ROOKIE<\/h6>\n<h6><b>Startnummer<\/b>: 29<\/h6>\n<h6><b>Anzahl Rennen (Stand Juni 2025)<\/b>: 3<\/h6>\n<h6><b>SocialMedia<\/b>: www.aurelmanthei.de<\/h6>\n<h6><b>Wohnort<\/b>: M\u00fcnchen<\/h6>\n<h6><b>Text<\/b>: Lukas hat mich angefixt und Bj\u00f6rn hat mir den Stoff besorgt: SR500 Sandpiper.<br \/>\nPaar Trainings und paar Rennen gefahren; aber noch lange nicht genug.<br \/>\nLove you fast all!<br \/>\nAurel<\/h6>\n<h6>&nbsp;<\/h6>\n<figure id=\"attachment_2270\" aria-describedby=\"caption-attachment-2270\" style=\"width: 150px\" class=\"wp-caption alignleft\"><img loading=\"lazy\" decoding=\"async\" class=\"wp-image-2270 size-thumbnail\" src=\"http:\/\/www.german-flattrack.de\/wp-content\/uploads\/2025\/02\/Bildschirmfoto-2025-05-22-um-14.15.20-150x150.jpg\" alt=\"\" width=\"150\" height=\"150\"><figcaption id=\"caption-attachment-2270\" class=\"wp-caption-text\">Jonas Di Lorenzo<\/figcaption><\/figure>\n<h6><b><img loading=\"lazy\" decoding=\"async\" class=\"size-thumbnail wp-image-2272 alignleft\" src=\"http:\/\/www.german-flattrack.de\/wp-content\/uploads\/2025\/02\/Bildschirmfoto-2025-05-22-um-14.14.14-150x150.jpg\" alt=\"\" width=\"150\" height=\"150\">Name<\/b>: <strong>Jonas Di Lorenzo<\/strong><\/h6>\n<h6><b>Motorrad<\/b>: Yamaha SR 500<\/h6>\n<h6><b>Klassen<\/b>: ROOKIE, VINTAGE<\/h6>\n<h6><b>Startnummer<\/b>: 31<\/h6>\n<h6><b>Social Media<\/b>: Insta profil: jdlmoto<\/h6>\n<h6><b>Wohnort<\/b>: Z\u00fcrich<\/h6>\n<h6><b>Text<\/b>: Schon beim ersten Mal sp\u00fcrt man: Hier geht\u2019s um mehr als nur ums Fahren. Offenheit, Zusammenhalt und die gemeinsame Leidenschaft verbinden \u2013 ob in der Box, beim Schrauben oder auf der Strecke. Man kommt als Neuling und bleibt als Freund.<\/h6>\n<h6 class=\"elementToProof\">Manchmal beginnt eine neue Leidenschaft nicht auf einer gro\u00dfen Rennstrecke \u2013 sondern in einer kleinen Garage, direkt nebenan.<\/h6>\n<h6 class=\"elementToProof\">In Z\u00fcrich schraubte mein Nachbar Simon Caraballo an einem selbstgebauten Flat Tracker und fuhr damit Rennen in Deutschland. Ich liebte schon seit 2013 den Look und den Spirit von Dirt- und Streettrackern \u2013 und wusste: So ein Bike will ich auch. Der Zufall spielte mir in die Karten: In meiner Nachbarschaft stand eine Suzuki DR 450, bereits zum Flat Tracker umgebaut. Perfekt f\u00fcr den Einstieg. Kurz darauf fuhr ich mit Simon mein erstes Rennen 2023 in Brokstedt \u2013 ohne je zuvor auf einem Oval unterwegs gewesen zu sein. Mein Puls? Kurz vorm Explodieren. Nach einem Training in Altrip platzte der Motor \u2013 und ich baute mir eine Yamaha SR500 auf. Seitdem begleitet sie mich zuverl\u00e4ssig auf der Strecke. Doch die Story ist noch nicht zu Ende: In meiner Werkstatt steht schon die n\u00e4chste Maschine \u2013 eine Husqvarna TE 300i, 2-Takt. Vielleicht fertig bis Mowidamm. Und wer wei\u00df? Vielleicht beginnt dort das n\u00e4chste Kapitel.<\/h6>\n<p>&nbsp;<\/p>\n<figure id=\"attachment_3224\" aria-describedby=\"caption-attachment-3224\" style=\"width: 150px\" class=\"wp-caption alignleft\"><img loading=\"lazy\" decoding=\"async\" class=\"wp-image-3224 size-thumbnail\" src=\"http:\/\/www.german-flattrack.de\/wp-content\/uploads\/2025\/02\/Bildschirmfoto-2025-08-24-um-19.44.07-150x150.jpg\" alt=\"\" width=\"150\" height=\"150\"><figcaption id=\"caption-attachment-3224\" class=\"wp-caption-text\">Frank Walter<\/figcaption><\/figure>\n<h6><b><img loading=\"lazy\" decoding=\"async\" class=\"wp-image-3222 size-thumbnail alignleft\" src=\"http:\/\/www.german-flattrack.de\/wp-content\/uploads\/2025\/02\/Bildschirmfoto-2025-08-24-um-19.44.29-150x150.jpg\" alt=\"\" width=\"150\" height=\"150\">Name<\/b>: Frank Walther<\/h6>\n<h6><b>Motorrad<\/b>: HARLEY WR 1948<\/h6>\n<h6><b>Klassen<\/b>: NEWBIE<\/h6>\n<h6><b>Startnummer<\/b>: 31<\/h6>\n<h6><b>Rennen<\/b>: 3<\/h6>\n<h6><b>Wohnort<\/b>: 26316 Varel<\/h6>\n<h6><b>Text<\/b>: Ich schraube seit \u00fcber 40 Jahren an meinen alten 750 ccm HARLEY Flat-Head Motorrr\u00e4dern. Irgendwann habe ich dann von den sehr seltenen HARLEY Flattrack WR Werksrennmaschinen Fotos und Informationen bekommen und war sofort hin und weg. Diese Maschinen wurden in Amerika ab 1942 bis 1952 als Production Racer sehr erfolgreich eingesetzt und basierten auf den sereienm\u00e4\u00dfigen 24 PS Stra\u00dfen und Milit\u00e4rmaschinen, die von der HARLEY Rennabteilung in allen Bauteilen modifiziert und auf ca. 44 PS getunt wurden.<br \/>\nNach sehr langem Suchen habe ich dann in Amerika eine 1948 gebaute WR im ehrlichen, unrestaurierten Zustand gefunden, importiert und dann komplett neu aufgebaut. Dabei war es mir sehr wichtig, die originale Patina zu erhalten. Im Jahre 1948 wurden insgsamt ca. 250 WR Maschinen hergestellt, von denen heute nur sehr wenige erhalten geblieben sind.Somit ist diese HARLEY WR eine sehr seltene Maschine und ein autentisches Motorrad aus dem Beginn der Flattrack Geschichte in Amerika.<br \/>\nDa dieses Motorrad zum Rumstehen zu schade ist, habe ich dann vor 3 Jahren begonnen, die Maschine dann und wann auch &#8220;im Oval&#8221; zu fahren und freue mich riesig, &#8220;dabei&#8221; sein zu d\u00fcrfen und die WR den Zuschauern pr\u00e4sentieren zu k\u00f6nnen<\/h6>\n<h6 class=\"elementToProof\">&nbsp;<\/h6>\n<h6>&nbsp;<\/h6>\n<figure id=\"attachment_2900\" aria-describedby=\"caption-attachment-2900\" style=\"width: 150px\" class=\"wp-caption alignleft\"><img loading=\"lazy\" decoding=\"async\" class=\"wp-image-2900 size-thumbnail\" src=\"http:\/\/www.german-flattrack.de\/wp-content\/uploads\/2025\/02\/Bildschirmfoto-2025-08-04-um-21.54.09-150x150.jpg\" alt=\"\" width=\"150\" height=\"150\"><figcaption id=\"caption-attachment-2900\" class=\"wp-caption-text\">Roelof Postma<\/figcaption><\/figure>\n<h6><b><img loading=\"lazy\" decoding=\"async\" class=\"size-thumbnail wp-image-2898 alignleft\" src=\"http:\/\/www.german-flattrack.de\/wp-content\/uploads\/2025\/02\/Bildschirmfoto-2025-08-04-um-21.54.23-150x150.jpg\" alt=\"\" width=\"150\" height=\"150\">Name<\/b>:<strong> Roelof Postma<\/strong><\/h6>\n<h6><b>Motorrad<\/b>: Kxf 450 Kawasaki<\/h6>\n<h6><b>Startnummer<\/b>: 35<\/h6>\n<h6><b>Klasse<\/b>: PRO\/AMATEUR<\/h6>\n<p>&nbsp;<\/p>\n<p>&nbsp;<\/p>\n<figure id=\"attachment_2193\" aria-describedby=\"caption-attachment-2193\" style=\"width: 150px\" class=\"wp-caption alignleft\"><img loading=\"lazy\" decoding=\"async\" class=\"wp-image-2193 size-thumbnail\" src=\"http:\/\/www.german-flattrack.de\/wp-content\/uploads\/2025\/02\/Bildschirmfoto-2025-05-20-um-23.18.36-150x150.jpg\" alt=\"\" width=\"150\" height=\"150\"><figcaption id=\"caption-attachment-2193\" class=\"wp-caption-text\">Ludger Meyer<\/figcaption><\/figure>\n<figure id=\"attachment_3276\" aria-describedby=\"caption-attachment-3276\" style=\"width: 150px\" class=\"wp-caption alignleft\"><img loading=\"lazy\" decoding=\"async\" class=\"wp-image-3276 size-thumbnail\" src=\"http:\/\/www.german-flattrack.de\/wp-content\/uploads\/2025\/02\/Halbemond-Ludger-150x150.jpeg\" alt=\"\" width=\"150\" height=\"150\"><figcaption id=\"caption-attachment-3276\" class=\"wp-caption-text\">Screenshot<\/figcaption><\/figure>\n<h6><b>Name<\/b>: <strong>Ludger Meyer<\/strong><\/h6>\n<h6><b>Motorrad<\/b>: Honda CRF450\/HondaXR600\/Yamaha XS650<\/h6>\n<h6><b>Klassen<\/b>: ROOKIE, VINTAGE<\/h6>\n<h6><b>Startnummer<\/b>: 36<\/h6>\n<h6><b>Wohnort<\/b>: Oldenburg\/Niedersachsen<\/h6>\n<p>&nbsp;<\/p>\n<h6><b><img loading=\"lazy\" decoding=\"async\" class=\"size-thumbnail wp-image-2887 alignleft\" src=\"http:\/\/www.german-flattrack.de\/wp-content\/uploads\/2025\/02\/Bildschirmfoto-2025-08-04-um-16.00.35-150x150.jpg\" alt=\"\" width=\"150\" height=\"150\"> <img loading=\"lazy\" decoding=\"async\" class=\"size-thumbnail wp-image-2889 alignleft\" src=\"http:\/\/www.german-flattrack.de\/wp-content\/uploads\/2025\/02\/Bildschirmfoto-2025-08-04-um-16.00.46-150x150.jpg\" alt=\"\" width=\"150\" height=\"150\">Name<\/b>: <strong>Martin Struckmann<\/strong><\/h6>\n<h6><b>Motorrad<\/b>: Piaggio Bravo<\/h6>\n<h6><b>Klassen<\/b>: NEWBIE<\/h6>\n<h6><b>Startnummer<\/b>: 38<\/h6>\n<h6><b>Anzahl<\/b>: 5<\/h6>\n<h6><b>SocialMedia<\/b>: Moto Moin<\/h6>\n<h6><b>Wohnort<\/b>: Itzehoe<\/h6>\n<h6><b>Text<\/b>: Mein erstes Flat Track Erlebnis war beim Golden Hotshoe Day in Brokstedt. Ich bin danach beim ersten Krowdrace gestartet in Diedenbergen. Dann habe ich weiter Trainings beim Golden Hotshoe genossen und war auch beim letzten Krowdrace mit dabei. Meine Lieblingsbahn ist die in Brokstedt.<\/h6>\n<p>&nbsp;<\/p>\n<h6>&nbsp;<\/h6>\n<figure id=\"attachment_3477\" aria-describedby=\"caption-attachment-3477\" style=\"width: 150px\" class=\"wp-caption alignleft\"><img loading=\"lazy\" decoding=\"async\" class=\"wp-image-3477 size-thumbnail\" src=\"http:\/\/www.german-flattrack.de\/wp-content\/uploads\/2025\/02\/Bildschirmfoto-2025-10-25-um-12.58.18-150x150.jpg\" alt=\"\" width=\"150\" height=\"150\"><figcaption id=\"caption-attachment-3477\" class=\"wp-caption-text\">Stefan Stolle<\/figcaption><\/figure>\n<h6><b><img loading=\"lazy\" decoding=\"async\" class=\"wp-image-3475 size-thumbnail alignleft\" src=\"http:\/\/www.german-flattrack.de\/wp-content\/uploads\/2025\/02\/Bildschirmfoto-2025-10-25-um-12.58.03-150x150.jpg\" alt=\"\" width=\"150\" height=\"150\">Name<\/b>: Stefan Stolle<\/h6>\n<h6><b>Motorrad<\/b>: Honda Crf 450<\/h6>\n<h6><b>Klassen<\/b>: AMATEUR<\/h6>\n<h6><b>Startnummer<\/b>: 38<\/h6>\n<h6><b>Anzahl<\/b>: 1<\/h6>\n<h6><b>Wohnort<\/b>: Elsfleth<\/h6>\n<h6><b>Text<\/b>: Anfangs war ich etwas skeptisch, wusste nicht wie es dort zur Sache geht.<br \/>\nLudger M. Brachte mich zum Flat Track Sport.<br \/>\nDie Motorr\u00e4der selbst sind mir nicht fremd<br \/>\nKonnte ein paar Jahre im mx Sport Erfahrungen sammeln.<\/h6>\n<p>&nbsp;<\/p>\n<figure id=\"attachment_3231\" aria-describedby=\"caption-attachment-3231\" style=\"width: 150px\" class=\"wp-caption alignleft\"><img loading=\"lazy\" decoding=\"async\" class=\"wp-image-3231 size-thumbnail\" src=\"http:\/\/www.german-flattrack.de\/wp-content\/uploads\/2025\/02\/Bildschirmfoto-2025-08-24-um-20.36.54-150x150.jpg\" alt=\"\" width=\"150\" height=\"150\" srcset=\"https:\/\/www.german-flattrack.de\/wp-content\/uploads\/2025\/02\/Bildschirmfoto-2025-08-24-um-20.36.54-150x150.jpg 150w, https:\/\/www.german-flattrack.de\/wp-content\/uploads\/2025\/02\/Bildschirmfoto-2025-08-24-um-20.36.54-300x300.jpg 300w, https:\/\/www.german-flattrack.de\/wp-content\/uploads\/2025\/02\/Bildschirmfoto-2025-08-24-um-20.36.54-1024x1022.jpg 1024w, https:\/\/www.german-flattrack.de\/wp-content\/uploads\/2025\/02\/Bildschirmfoto-2025-08-24-um-20.36.54-768x767.jpg 768w, https:\/\/www.german-flattrack.de\/wp-content\/uploads\/2025\/02\/Bildschirmfoto-2025-08-24-um-20.36.54.jpg 1208w\" sizes=\"auto, (max-width: 150px) 100vw, 150px\" \/><figcaption id=\"caption-attachment-3231\" class=\"wp-caption-text\">Martine van der Kolk<\/figcaption><\/figure>\n<h6><b><img loading=\"lazy\" decoding=\"async\" class=\"wp-image-3235 size-thumbnail alignleft\" src=\"http:\/\/www.german-flattrack.de\/wp-content\/uploads\/2025\/02\/Bildschirmfoto-2025-08-24-um-20.37.13-150x150.jpg\" alt=\"\" width=\"150\" height=\"150\">Name<\/b>: Martine van der Kolk<\/h6>\n<h6><b>Motorrad<\/b>: TM450<\/h6>\n<h6><b>Klassen<\/b>: FEMALE<\/h6>\n<h6><b>Startnummer<\/b>: 42<\/h6>\n<h6><b>Rennen<\/b>: 4<\/h6>\n<h6><b>SocialMedia<\/b>: Flattrack for Dummies<\/h6>\n<h6><b>Wohnort<\/b>: Rotterdam<\/h6>\n<h6><b>Text<\/b>: Am 6. Mai 2023 sa\u00df sie zum ersten Mal auf einem Motorrad \u2013 einer Royal Enfield Scram 411 \u2013 bei der Royal Enfield Slideschool von Maikel Dijkstra. Ohne F\u00fchrerschein, ohne Erfahrung, aber mit einer Menge Enthusiasmus! Nur wenige Wochen sp\u00e4ter stand sie bereits an der Startlinie der Dutch Flat Track Competition in Noordeloos. Das Ergebnis damals: Letzte \u2013 aber der Entschluss war gefasst, im Flat Track ganz nach oben zu kommen und eines Tages bei der Weltmeisterschaft (FIM) zu starten.<br \/>\nSeitdem trainiert sie intensiv, zuerst auf einer kleinen Sunday 150, sp\u00e4ter in zwei Klassen gleichzeitig. Das brachte nicht nur viele Herausforderungen, sondern auch gro\u00dfe Fortschritte \u2013 am Ende Platz 4 in der Meisterschaft. Heute f\u00e4hrt sie auf einer TM FT450, mit der Maikel selbst schon bei der WM gestartet ist.<br \/>\nIn dieser Saison hatte sie einen schweren Sturz, bei dem ihr Oberarm gebrochen und teilweise zertr\u00fcmmert wurde. Nur drei Monate sp\u00e4ter sitzt sie \u2013 entgegen der Prognose der \u00c4rzte \u2013 schon wieder auf dem Motorrad. Dieses Jahr startet sie noch in den Niederlanden, Deutschland und England, um weiter Erfahrung zu sammeln und ihrem gro\u00dfen Ziel n\u00e4her zu kommen.<\/h6>\n<p>&nbsp;<\/p>\n<h6><b><img loading=\"lazy\" decoding=\"async\" class=\"size-thumbnail wp-image-2835 alignleft\" src=\"http:\/\/www.german-flattrack.de\/wp-content\/uploads\/2025\/02\/Bildschirmfoto-2025-08-04-um-14.56.35-150x150.jpg\" alt=\"\" width=\"150\" height=\"150\">Name<\/b>: <strong>Andreas Wanning<\/strong><\/h6>\n<h6><b>Motorrad<\/b>: Sr500<\/h6>\n<h6><b>Startnummer<\/b>: 43<\/h6>\n<h6><b>Klasse: <\/b>NEWBIE<\/h6>\n<p>&nbsp;<\/p>\n<figure id=\"attachment_2357\" aria-describedby=\"caption-attachment-2357\" style=\"width: 150px\" class=\"wp-caption alignleft\"><img loading=\"lazy\" decoding=\"async\" class=\"wp-image-2357 size-thumbnail\" src=\"http:\/\/www.german-flattrack.de\/wp-content\/uploads\/2025\/02\/Bildschirmfoto-2025-05-27-um-17.26.01-150x150.jpg\" alt=\"\" width=\"150\" height=\"150\"><figcaption id=\"caption-attachment-2357\" class=\"wp-caption-text\">Jeroen Offenberg<\/figcaption><\/figure>\n<h6><b><img loading=\"lazy\" decoding=\"async\" class=\"size-thumbnail wp-image-2359 alignleft\" src=\"http:\/\/www.german-flattrack.de\/wp-content\/uploads\/2025\/02\/Bildschirmfoto-2025-05-27-um-17.26.37-150x150.jpg\" alt=\"\" width=\"150\" height=\"150\">Name<\/b>: <strong>Jeroen Offenberg<\/strong><\/h6>\n<h6><b>Motorrad<\/b>: TM 450<\/h6>\n<h6><b>Klassen<\/b>: ROOKIE<\/h6>\n<h6><b>Startnummer<\/b>: 44<\/h6>\n<h6><b>Wohnort<\/b>: Dalfsen<\/h6>\n<p>&nbsp;<\/p>\n<figure id=\"attachment_2837\" aria-describedby=\"caption-attachment-2837\" style=\"width: 150px\" class=\"wp-caption alignleft\"><img loading=\"lazy\" decoding=\"async\" class=\"wp-image-2837 size-thumbnail\" src=\"http:\/\/www.german-flattrack.de\/wp-content\/uploads\/2025\/02\/Bildschirmfoto-2025-08-04-um-14.59.35-150x150.jpg\" alt=\"\" width=\"150\" height=\"150\"><figcaption id=\"caption-attachment-2837\" class=\"wp-caption-text\">Joscha Bazynski<\/figcaption><\/figure>\n<h6><b><img loading=\"lazy\" decoding=\"async\" class=\"size-thumbnail wp-image-2839 alignleft\" src=\"http:\/\/www.german-flattrack.de\/wp-content\/uploads\/2025\/02\/Bildschirmfoto-2025-08-04-um-14.59.47-150x150.jpg\" alt=\"\" width=\"150\" height=\"150\">Name<\/b>: <strong>Joscha Bazynski<\/strong><\/h6>\n<h6><b>Motorrad<\/b>: XT 600 43f<\/h6>\n<h6><b>Startnummer<\/b>: 45<\/h6>\n<h6><b>Social<\/b>: @joscha.45<\/h6>\n<h6><b>Wohnort<\/b>: Witten<\/h6>\n<h6><b>Klasse:<\/b>&nbsp;NEWBIE, CLASSIC (1976-1989)<\/h6>\n<p>&nbsp;<\/p>\n<h6><b><img loading=\"lazy\" decoding=\"async\" class=\"size-thumbnail wp-image-2693 alignleft\" src=\"http:\/\/www.german-flattrack.de\/wp-content\/uploads\/2025\/02\/Bildschirmfoto-2025-07-13-um-22.32.15-150x150.jpg\" alt=\"\" width=\"150\" height=\"150\"> <img loading=\"lazy\" decoding=\"async\" class=\"size-thumbnail wp-image-2695 alignleft\" src=\"http:\/\/www.german-flattrack.de\/wp-content\/uploads\/2025\/02\/Bildschirmfoto-2025-07-13-um-22.32.00-150x150.jpg\" alt=\"\" width=\"150\" height=\"150\">Name<\/b>: <strong>Ander Herz<\/strong><\/h6>\n<h6><b>Motorrad<\/b>: SR 500<\/h6>\n<h6><b>Klassen<\/b>: NEWBIE<\/h6>\n<h6><b>Startnummer<\/b>: 46<\/h6>\n<h6><b>Anzahl Rennen<\/b>: 0<\/h6>\n<h6><b>Wohnort<\/b>: 86513 Mindelzell<\/h6>\n<p>&nbsp;<\/p>\n<figure id=\"attachment_2680\" aria-describedby=\"caption-attachment-2680\" style=\"width: 150px\" class=\"wp-caption alignleft\"><img loading=\"lazy\" decoding=\"async\" class=\"wp-image-2680 size-thumbnail\" src=\"http:\/\/www.german-flattrack.de\/wp-content\/uploads\/2025\/02\/Bildschirmfoto-2025-06-17-um-19.29.26-150x150.jpg\" alt=\"\" width=\"150\" height=\"150\"><figcaption id=\"caption-attachment-2680\" class=\"wp-caption-text\">Friedrich Altus<\/figcaption><\/figure>\n<h6><b><img loading=\"lazy\" decoding=\"async\" class=\"size-thumbnail wp-image-2682 alignleft\" src=\"http:\/\/www.german-flattrack.de\/wp-content\/uploads\/2025\/02\/Bildschirmfoto-2025-06-17-um-19.29.41-150x150.jpg\" alt=\"\" width=\"150\" height=\"150\">Name<\/b>: <strong>Friedrich Altus<\/strong><\/h6>\n<h6><b>Motorrad<\/b>: Honda XR600 BJ1985\/ KTM SXF BJ2012<\/h6>\n<h6><b>Klassen<\/b>: AMATEUR, VINTAGE<\/h6>\n<h6><b>Startnummer<\/b>: 47<\/h6>\n<h6><b>Social Media<\/b>: 47_friedrich<\/h6>\n<h6><b>Wohnort<\/b>: Radebeul<\/h6>\n<h6><b>Text<\/b>: Seit ca. 2008 schaue ich immer flei\u00dfig in Hindenberg bei den DT Rennen zu, 2024 baute ich mir eine Honda XR 600 um und fahre seit dem FT im Hobbybereich, Mitte 24 kaufte ich noch eine KTM SXF BJ2012. Mittlerweile nehme ich an Rennserien in D, NL und CZ teil, es mach einfach nur Spa\u00df (wenn die Karren mal laufen).<br \/>\nGo fast turn left 47_friedrich<\/h6>\n<p>&nbsp;<\/p>\n<figure id=\"attachment_2657\" aria-describedby=\"caption-attachment-2657\" style=\"width: 150px\" class=\"wp-caption alignleft\"><img loading=\"lazy\" decoding=\"async\" class=\"wp-image-2657 size-thumbnail\" src=\"http:\/\/www.german-flattrack.de\/wp-content\/uploads\/2025\/02\/Bildschirmfoto-2025-06-09-um-14.34.26-150x150.jpg\" alt=\"\" width=\"150\" height=\"150\"><figcaption id=\"caption-attachment-2657\" class=\"wp-caption-text\">Nikolaus B\u00f6hning<\/figcaption><\/figure>\n<h6><b><img loading=\"lazy\" decoding=\"async\" class=\"size-thumbnail wp-image-2659 alignleft\" src=\"http:\/\/www.german-flattrack.de\/wp-content\/uploads\/2025\/02\/Bildschirmfoto-2025-06-09-um-14.34.44-150x150.jpg\" alt=\"\" width=\"150\" height=\"150\">Name<\/b>:<strong> Nikolaus B\u00f6hning<\/strong><\/h6>\n<h6><b>Motorrad<\/b>: Harley Davidson WL 45er Flathead<\/h6>\n<h6><b>Startnummer<\/b>: 54<\/h6>\n<h6><b>Wohnort<\/b>: Berlin<\/h6>\n<p>&nbsp;<\/p>\n<p>&nbsp;<\/p>\n<figure id=\"attachment_2645\" aria-describedby=\"caption-attachment-2645\" style=\"width: 150px\" class=\"wp-caption alignleft\"><img loading=\"lazy\" decoding=\"async\" class=\"wp-image-2645 size-thumbnail\" src=\"http:\/\/www.german-flattrack.de\/wp-content\/uploads\/2025\/02\/Bildschirmfoto-2025-06-08-um-21.34.49-150x150.jpg\" alt=\"\" width=\"150\" height=\"150\"><figcaption id=\"caption-attachment-2645\" class=\"wp-caption-text\">Maikel Dijkstra<\/figcaption><\/figure>\n<h6><b>Name<\/b>: <strong>Maikel Dijkstra<\/strong><\/h6>\n<h6><b>Motorrad<\/b>: Royal Enfield<\/h6>\n<h6><b>Startnummer<\/b>: 58<\/h6>\n<h6><b>Klasse: <\/b>PRO\/AMATEUR<\/h6>\n<p>&nbsp;<\/p>\n<p>&nbsp;<\/p>\n<figure id=\"attachment_2510\" aria-describedby=\"caption-attachment-2510\" style=\"width: 150px\" class=\"wp-caption alignleft\"><img loading=\"lazy\" decoding=\"async\" class=\"wp-image-2510 size-thumbnail\" src=\"http:\/\/www.german-flattrack.de\/wp-content\/uploads\/2025\/02\/Bildschirmfoto-2025-06-07-um-06.59.36-150x150.jpg\" alt=\"\" width=\"150\" height=\"150\"><figcaption id=\"caption-attachment-2510\" class=\"wp-caption-text\">Fano Sluyter<\/figcaption><\/figure>\n<h6><b><img loading=\"lazy\" decoding=\"async\" class=\"size-thumbnail wp-image-2512 alignleft\" src=\"http:\/\/www.german-flattrack.de\/wp-content\/uploads\/2025\/02\/Bildschirmfoto-2025-06-07-um-06.59.51-150x150.jpg\" alt=\"\" width=\"150\" height=\"150\">Name<\/b>: <strong>Fano Sluyter<\/strong><\/h6>\n<h6><b>Motorrad<\/b>: Yamaha SR500<\/h6>\n<h6><b>Klassen<\/b>: VINTAGE<\/h6>\n<h6><b>Startnummer<\/b>: 63<\/h6>\n<h6><b>Social<\/b>: fanosluyter<\/h6>\n<p>&nbsp;<\/p>\n<figure id=\"attachment_3090\" aria-describedby=\"caption-attachment-3090\" style=\"width: 150px\" class=\"wp-caption alignleft\"><img loading=\"lazy\" decoding=\"async\" class=\"wp-image-3090 size-thumbnail\" src=\"http:\/\/www.german-flattrack.de\/wp-content\/uploads\/2025\/02\/Bildschirmfoto-2025-08-14-um-15.06.46-150x150.jpg\" alt=\"\" width=\"150\" height=\"150\"><figcaption id=\"caption-attachment-3090\" class=\"wp-caption-text\">Holger Wilberts<\/figcaption><\/figure>\n<h6><b><img loading=\"lazy\" decoding=\"async\" class=\"alignleft wp-image-3096 size-thumbnail\" src=\"http:\/\/www.german-flattrack.de\/wp-content\/uploads\/2025\/02\/Bildschirmfoto-2025-08-14-um-15.06.57-150x150.jpg\" alt=\"\" width=\"150\" height=\"150\">Name<\/b>:<strong> Holger Wilberts<\/strong><\/h6>\n<h6><b>Motorrad<\/b>: Yamaha XS650<\/h6>\n<h6><b>Klassen<\/b>: ROOKIE<\/h6>\n<h6><b>Startnummer<\/b>: 63<\/h6>\n<h6><b>Anzahl Rennen<\/b>: 10<\/h6>\n<h6><b>Wohnort<\/b>: Gro\u00dfheide<\/h6>\n<h6><b>Textarea 212<\/b>: Ich bin im Netz das erste mal auf Flat Track aufmerksam geworden. War mit meinen Eltern fr\u00fcher oft beim Speedway in Halbemond, ist auch meine Lieblingsstrecke. Erste Rennen zusammen mit Kumpel Wilko, bei den Nachbarn beim Dutch Flat Track gefahren, danach Flatland360 und Krowdrace. Erst noch auf Yamaha RD250, dann umgestiegen auf XS650.<\/h6>\n<p>&nbsp;<\/p>\n<figure id=\"attachment_2859\" aria-describedby=\"caption-attachment-2859\" style=\"width: 150px\" class=\"wp-caption alignleft\"><img loading=\"lazy\" decoding=\"async\" class=\"wp-image-2859 size-thumbnail\" src=\"http:\/\/www.german-flattrack.de\/wp-content\/uploads\/2025\/02\/Bildschirmfoto-2025-08-04-um-15.31.23-150x150.jpg\" alt=\"\" width=\"150\" height=\"150\"><figcaption id=\"caption-attachment-2859\" class=\"wp-caption-text\">J\u00f6rg Solar<\/figcaption><\/figure>\n<figure id=\"attachment_2857\" aria-describedby=\"caption-attachment-2857\" style=\"width: 150px\" class=\"wp-caption alignleft\"><img loading=\"lazy\" decoding=\"async\" class=\"size-thumbnail wp-image-2857\" src=\"http:\/\/www.german-flattrack.de\/wp-content\/uploads\/2025\/02\/Solar-150x150.jpg\" alt=\"\" width=\"150\" height=\"150\"><figcaption id=\"caption-attachment-2857\" class=\"wp-caption-text\">Screenshot<\/figcaption><\/figure>\n<h6><b>Name<\/b>: <strong>J\u00f6rg Solar<\/strong><\/h6>\n<h6><b>Motorrad<\/b>: BSA A75<\/h6>\n<h6><b>Startnummer<\/b>: 65<\/h6>\n<h6><b>Social<\/b>: Single &amp; Twin<\/h6>\n<h6><b>Wohnort<\/b>: Ellerbek<\/h6>\n<h6><b>Menu 805<\/b>: Ja\/Yes<\/h6>\n<h6><b>Klasse: <\/b>VINTAGE (vor 1976)<\/h6>\n<h6><b>Text<\/b>: Ich bin schon lange BSA Fahrer und Sammle und betreibe \u201eSingle &amp; Twin Classic Motorcycles\u201c, ein Laden f\u00fcr englische Motorr\u00e4der vor Bj. 1980. Die Dick Mann replica habe ich seit 4 Jahren und m\u00f6chte sie artgerecht halten. Ich fahre nur zum Spa\u00df, denn ich bin zu alt um noch richtig competitiv unterwegs zu sein und ich bin der Meinung dass die Fahrzeuge der Vintage Klasse ihre Pokale und Titel alle schon vor 50 Jahren geholt haben. Wir spielen quasi nur die Vergangenheit nach und erhalten somit motorsportliches Kulturgut.<\/h6>\n<h6>&nbsp;<\/h6>\n<h6>&nbsp;<\/h6>\n<figure id=\"attachment_2776\" aria-describedby=\"caption-attachment-2776\" style=\"width: 150px\" class=\"wp-caption alignleft\"><img loading=\"lazy\" decoding=\"async\" class=\"wp-image-2776 size-thumbnail\" src=\"http:\/\/www.german-flattrack.de\/wp-content\/uploads\/2025\/02\/Bildschirmfoto-2025-08-03-um-15.58.16-150x150.jpg\" alt=\"\" width=\"150\" height=\"150\"><figcaption id=\"caption-attachment-2776\" class=\"wp-caption-text\">Andreas Steinhofer<\/figcaption><\/figure>\n<p><img loading=\"lazy\" decoding=\"async\" class=\"wp-image-2774 size-thumbnail alignleft\" src=\"http:\/\/www.german-flattrack.de\/wp-content\/uploads\/2025\/02\/Bildschirmfoto-2025-08-03-um-15.59.05-150x150.jpg\" alt=\"\" width=\"150\" height=\"150\"><\/p>\n<h6><b>Name<\/b>: <strong>Andreas Steinhofer<\/strong><\/h6>\n<h6><b>Motorrad<\/b>: Harley KR\/ XR, Knight Honda XL, Champion Honda XL<\/h6>\n<h6><b>Klassen<\/b>: VINTAGE, THUNDERBIKE<\/h6>\n<h6><b>Startnummer<\/b>: 66<\/h6>\n<h6><b>Anzahl<\/b>: 30<\/h6>\n<h6><b>Social Media<\/b>: Facebook: Jim Murphy, Instagram: vintage.racer.66<\/h6>\n<h6><b>Wohnort<\/b>: Berlin<\/h6>\n<h6><b>Text<\/b>: Los ging es 2018 mit dem Hells Race in Lelystad, NL; dann weiter mit den ersten Krowdraces in Deutschland, 2023-24 viel in der tschechischen Serie gefahren, und 2025 immer noch mit Spa\u00df dabei.<br \/>\nVintage Bikes aufbauen ist ein wichtiger Teil bei mir.<br \/>\nBonus: Tolle Szene und viele neue Freunde.<\/h6>\n<p>&nbsp;<\/p>\n<figure id=\"attachment_2607\" aria-describedby=\"caption-attachment-2607\" style=\"width: 150px\" class=\"wp-caption alignleft\"><img loading=\"lazy\" decoding=\"async\" class=\"wp-image-2607 size-thumbnail\" src=\"http:\/\/www.german-flattrack.de\/wp-content\/uploads\/2025\/02\/Bildschirmfoto-2025-06-08-um-20.14.27-150x150.jpg\" alt=\"\" width=\"150\" height=\"150\"><figcaption id=\"caption-attachment-2607\" class=\"wp-caption-text\">S\u00f6nke Rehs<\/figcaption><\/figure>\n<h6><b><img loading=\"lazy\" decoding=\"async\" class=\"size-thumbnail wp-image-2605 alignleft\" src=\"http:\/\/www.german-flattrack.de\/wp-content\/uploads\/2025\/02\/Bildschirmfoto-2025-06-08-um-20.14.53-150x150.jpg\" alt=\"\" width=\"150\" height=\"150\"><\/b><\/h6>\n<h6><b>Name<\/b>: <strong>S\u00f6nke Rehs<\/strong><\/h6>\n<h6><b>Motorrad<\/b>: Honda CRF450, Honda FT500<\/h6>\n<h6><b>Klassen<\/b>: ROOKIE, VINTAGE<\/h6>\n<h6><b>Startnummer<\/b>: 69<\/h6>\n<h6><b>Anzahl<\/b>: Viele viele viele \u00fcber 300<\/h6>\n<h6><b>SocialMedia<\/b>: FB + Instagram<\/h6>\n<h6><b>Wohnort<\/b>: Bahnhofstra\u00dfe 33, 25782 S\u00fcderdorf<\/h6>\n<h6><b>Text<\/b>: Im Motorradsport gestartet 1983 als Endurofahrer. 1986 gewechselt zum MX-Sport. Bis 2016 im Amateur-Bereich MX gefahren. Dann war der Nacken genug geschunden. MX ging nicht mehr. 1,5 Jahre im Speedwaysport geschnuppert, war aber nichts mehr f\u00fcr nen alten Mann. Dann den Flattracksport kennengelernt und infiziert worden. Seit 2022 dabei, seit 2024 mit Rennbeteiligung und massiv Spa\u00df gehabt bei der Aus\u00fcbung des Sports. Geile Mopeds, geile Leute, mega Spa\u00df. Ich w\u00fcrde sagen, Flattrack auf diesem Level, ist die g\u00fcnstigste Art, Rennfahrer zu sein \ud83d\ude0d.<br \/>\nKaum eine andere Motorradsportart bietet so viel Spa\u00df zu einem so g\u00fcnstigen Preis.<br \/>\nImmer links rum und immer auf der Suche nach der L\u00fccke in die man reinstechen kann \ud83e\udd2a. Mein Ziel&#8230;&#8230;bis zum Alter von 70 Jahren (jetzt 64 \ud83d\ude0a) muss ich es schaffen dabei zu bleiben.<\/h6>\n<h6>&nbsp;<\/h6>\n<h6><b><img loading=\"lazy\" decoding=\"async\" class=\"size-thumbnail wp-image-2570 alignleft\" src=\"http:\/\/www.german-flattrack.de\/wp-content\/uploads\/2025\/02\/Bildschirmfoto-2025-06-08-um-18.21.22-150x150.jpg\" alt=\"\" width=\"150\" height=\"150\"> <img loading=\"lazy\" decoding=\"async\" class=\"size-thumbnail wp-image-2568 alignleft\" src=\"http:\/\/www.german-flattrack.de\/wp-content\/uploads\/2025\/02\/Bildschirmfoto-2025-06-08-um-18.21.37-150x150.jpg\" alt=\"\" width=\"150\" height=\"150\">Name<\/b>: <strong>Jo Hecht<\/strong><\/h6>\n<h6><b>Motorrad<\/b>: BSA B50<\/h6>\n<h6><b>Startnummer<\/b>: 70<\/h6>\n<h6><b>Klasse: <\/b>VINTAGE&nbsp;<\/h6>\n<p>&nbsp;<\/p>\n<p>&nbsp;<\/p>\n<figure id=\"attachment_2690\" aria-describedby=\"caption-attachment-2690\" style=\"width: 150px\" class=\"wp-caption alignleft\"><img loading=\"lazy\" decoding=\"async\" class=\"wp-image-2690 size-thumbnail\" src=\"http:\/\/www.german-flattrack.de\/wp-content\/uploads\/2025\/02\/Bildschirmfoto-2025-07-13-um-22.26.40-150x150.jpg\" alt=\"\" width=\"150\" height=\"150\" srcset=\"https:\/\/www.german-flattrack.de\/wp-content\/uploads\/2025\/02\/Bildschirmfoto-2025-07-13-um-22.26.40-150x150.jpg 150w, https:\/\/www.german-flattrack.de\/wp-content\/uploads\/2025\/02\/Bildschirmfoto-2025-07-13-um-22.26.40.jpg 690w\" sizes=\"auto, (max-width: 150px) 100vw, 150px\" \/><figcaption id=\"caption-attachment-2690\" class=\"wp-caption-text\">Bengt Matthes<\/figcaption><\/figure>\n<h6><b>Name<\/b>: <strong>Bengt Matthes<\/strong><\/h6>\n<h6><b>Motorrad<\/b>: Yamaha SR500<\/h6>\n<h6><b>Klassen<\/b>: NEWBIE<\/h6>\n<h6><b>Startnummer<\/b>: 72<\/h6>\n<h6><b>Social Media<\/b>: Bengo Matthes ( Facebook )<\/h6>\n<h6><b>Wohnort<\/b>: Osnabr\u00fcck<\/h6>\n<h6>Zum Flattrack gekommen bin ich durch die Wheels&amp;Wake. Dort angetreten mit Christof Longi Longerich mit einer daf\u00fcr besorten Sr500 war klar, man muss das Mopped auch mal f\u00fcr Flattrack nutzen. Nachen einigen Trainings gemeinsam mit der Sr war schnell klar, es muss eine eigene Sr500 her. Gesagt -getan. Beim Golden Hot Shoe letztes Jahr dann mit der eigenen Maschine am Start und seitdem s\u00e4mtliche Bahnen im Norden unsicher gemacht. Von Halbemond bis Moorwinkeldamm, Neuenknick, Wagenfeld,Harsewinkel&#8230;. macht einfach Spass und die Community ist super<\/h6>\n<p>&nbsp;<\/p>\n<figure id=\"attachment_2305\" aria-describedby=\"caption-attachment-2305\" style=\"width: 150px\" class=\"wp-caption alignleft\"><img loading=\"lazy\" decoding=\"async\" class=\"wp-image-2305 size-thumbnail\" src=\"http:\/\/www.german-flattrack.de\/wp-content\/uploads\/2025\/02\/Bildschirmfoto-2025-05-24-um-06.46.26-150x150.jpg\" alt=\"\" width=\"150\" height=\"150\"><figcaption id=\"caption-attachment-2305\" class=\"wp-caption-text\">Uwe Kostrewa<\/figcaption><\/figure>\n<h6><b><img loading=\"lazy\" decoding=\"async\" class=\"size-thumbnail wp-image-2307 alignleft\" src=\"http:\/\/www.german-flattrack.de\/wp-content\/uploads\/2025\/02\/Bildschirmfoto-2025-05-24-um-06.46.42-150x150.jpg\" alt=\"\" width=\"150\" height=\"150\"><\/b><\/h6>\n<h6><b>Name<\/b>: <strong>Uwe Kostrewa<\/strong><\/h6>\n<h6><b>Motorrad<\/b>: SR 500<\/h6>\n<h6><b>Startnummer<\/b>: 74<\/h6>\n<p>&nbsp;<\/p>\n<p>&nbsp;<\/p>\n<figure id=\"attachment_2515\" aria-describedby=\"caption-attachment-2515\" style=\"width: 150px\" class=\"wp-caption alignleft\"><img loading=\"lazy\" decoding=\"async\" class=\"wp-image-2515 size-thumbnail\" src=\"http:\/\/www.german-flattrack.de\/wp-content\/uploads\/2025\/02\/Bildschirmfoto-2025-06-07-um-07.07.08-150x150.jpg\" alt=\"\" width=\"150\" height=\"150\"><figcaption id=\"caption-attachment-2515\" class=\"wp-caption-text\">Jan Junghanns<\/figcaption><\/figure>\n<h6><b><img loading=\"lazy\" decoding=\"async\" class=\"size-thumbnail wp-image-2517 alignleft\" src=\"http:\/\/www.german-flattrack.de\/wp-content\/uploads\/2025\/02\/Bildschirmfoto-2025-06-07-um-07.07.40-150x150.jpg\" alt=\"\" width=\"150\" height=\"150\">Name<\/b>: <strong>Jan Junghanns<\/strong><\/h6>\n<h6><b>Motorrad<\/b>: Honda xl 600<\/h6>\n<h6><b>Startnummer<\/b>: 74<\/h6>\n<h6><b>Wohnort<\/b>: Chemnitz<\/h6>\n<h6>&nbsp;<\/h6>\n<p>&nbsp;<\/p>\n<figure id=\"attachment_2583\" aria-describedby=\"caption-attachment-2583\" style=\"width: 150px\" class=\"wp-caption alignleft\"><img loading=\"lazy\" decoding=\"async\" class=\"wp-image-2583 size-thumbnail\" src=\"http:\/\/www.german-flattrack.de\/wp-content\/uploads\/2025\/02\/Bildschirmfoto-2025-06-08-um-19.29.47-150x150.jpg\" alt=\"\" width=\"150\" height=\"150\"><figcaption id=\"caption-attachment-2583\" class=\"wp-caption-text\">Sophia Schellmann<\/figcaption><\/figure>\n<h6><b><img loading=\"lazy\" decoding=\"async\" class=\"size-thumbnail wp-image-2585 alignleft\" src=\"http:\/\/www.german-flattrack.de\/wp-content\/uploads\/2025\/02\/Bildschirmfoto-2025-06-08-um-19.30.06-150x150.jpg\" alt=\"\" width=\"150\" height=\"150\">Name<\/b>: <strong>Sophia Schellmann<\/strong><\/h6>\n<h6><b>Motorrad<\/b>: KTM SX85<\/h6>\n<h6><b>Startnummer<\/b>: 74<\/h6>\n<h6><b>Klasse: <\/b>NEWBIE<\/h6>\n<p>&nbsp;<\/p>\n<p>&nbsp;<\/p>\n<figure id=\"attachment_2621\" aria-describedby=\"caption-attachment-2621\" style=\"width: 150px\" class=\"wp-caption alignleft\"><img loading=\"lazy\" decoding=\"async\" class=\"wp-image-2621 size-thumbnail\" src=\"http:\/\/www.german-flattrack.de\/wp-content\/uploads\/2025\/02\/Bildschirmfoto-2025-06-08-um-21.03.41-150x150.jpg\" alt=\"\" width=\"150\" height=\"150\"><figcaption id=\"caption-attachment-2621\" class=\"wp-caption-text\">Steffi Schumacher<\/figcaption><\/figure>\n<h6><b><img loading=\"lazy\" decoding=\"async\" class=\"size-thumbnail wp-image-2619 alignleft\" src=\"http:\/\/www.german-flattrack.de\/wp-content\/uploads\/2025\/02\/Bildschirmfoto-2025-06-08-um-21.04.00-150x150.jpg\" alt=\"\" width=\"150\" height=\"150\">Name<\/b>: <strong>Steffi Schumacher<\/strong><\/h6>\n<h6><b>Motorrad<\/b>: SR500<\/h6>\n<h6><b>Startnummer<\/b>: 74s<\/h6>\n<h6><b>Klasse<\/b>: Female<\/h6>\n<p>&nbsp;<\/p>\n<p>&nbsp;<\/p>\n<figure id=\"attachment_2662\" aria-describedby=\"caption-attachment-2662\" style=\"width: 150px\" class=\"wp-caption alignleft\"><img loading=\"lazy\" decoding=\"async\" class=\"wp-image-2662 size-thumbnail\" src=\"http:\/\/www.german-flattrack.de\/wp-content\/uploads\/2025\/02\/Bildschirmfoto-2025-06-09-um-14.38.49-150x150.jpg\" alt=\"\" width=\"150\" height=\"150\"><figcaption id=\"caption-attachment-2662\" class=\"wp-caption-text\">Frank Werner<\/figcaption><\/figure>\n<h6><b><img loading=\"lazy\" decoding=\"async\" class=\"size-thumbnail wp-image-2664 alignleft\" src=\"http:\/\/www.german-flattrack.de\/wp-content\/uploads\/2025\/02\/Bildschirmfoto-2025-06-09-um-14.39.15-150x150.jpg\" alt=\"\" width=\"150\" height=\"150\">Name<\/b>: <strong>Frank Werner<\/strong><\/h6>\n<h6><b>Motorrad<\/b>: Honda NX 650 \/ Yamaha XS 650 Trackmaster<\/h6>\n<h6><b>Startnummer<\/b>: 76<\/h6>\n<h6><b>Klassen<\/b>: VINTAGE, THUNDERBIKE<\/h6>\n<h6><b>Wohnort<\/b>: 23896 Nusse<\/h6>\n<h6><b>Text<\/b>: Eine ganz wichtige Sitzung auf dem Thron gehabt, dabei YouTube Video geschaut und Flat Track bzw. Krowdrace entdeckt. Herrmann angeschrieben und an meinem ersten Training , seiner Zeit in Mei\u00dfen w\u00e4hrend der Pandemie , teilgenommen. Nicht aufs Maul gepackt sondern seeehr viel Spa\u00df empfunden&#8230;Zack n\u00e4chster Virus!!! FLAT TRACK\ud83e\udd18\ud83c\udffb<\/h6>\n<p>&nbsp;<\/p>\n<figure id=\"attachment_2590\" aria-describedby=\"caption-attachment-2590\" style=\"width: 150px\" class=\"wp-caption alignleft\"><img loading=\"lazy\" decoding=\"async\" class=\"wp-image-2590 size-thumbnail\" src=\"http:\/\/www.german-flattrack.de\/wp-content\/uploads\/2025\/02\/Bildschirmfoto-2025-06-08-um-19.34.46-150x150.jpg\" alt=\"\" width=\"150\" height=\"150\"><figcaption id=\"caption-attachment-2590\" class=\"wp-caption-text\">Oliver Betz<\/figcaption><\/figure>\n<h6><b><img loading=\"lazy\" decoding=\"async\" class=\"size-thumbnail wp-image-2592 alignleft\" src=\"http:\/\/www.german-flattrack.de\/wp-content\/uploads\/2025\/02\/Bildschirmfoto-2025-06-08-um-20.02.27-150x150.jpg\" alt=\"\" width=\"150\" height=\"150\">Name<\/b>: <strong>Oliver Betz<\/strong><\/h6>\n<h6><b>Motorrad<\/b>: Yamaha TT540 Baujahr 1976 und Harley Davidson XL Sportster Baujahr 1958<\/h6>\n<h6><b>Startnummer<\/b>: 76 und 117<\/h6>\n<h6><b>Klassen: <\/b>CLASSIC, VINTAGE<\/h6>\n<p>&nbsp;<\/p>\n<p>&nbsp;<\/p>\n<figure id=\"attachment_2809\" aria-describedby=\"caption-attachment-2809\" style=\"width: 150px\" class=\"wp-caption alignleft\"><img loading=\"lazy\" decoding=\"async\" class=\"wp-image-2809 size-thumbnail\" src=\"http:\/\/www.german-flattrack.de\/wp-content\/uploads\/2025\/02\/Bildschirmfoto-2025-08-04-um-14.32.01-150x150.jpg\" alt=\"\" width=\"150\" height=\"150\" srcset=\"https:\/\/www.german-flattrack.de\/wp-content\/uploads\/2025\/02\/Bildschirmfoto-2025-08-04-um-14.32.01-150x150.jpg 150w, https:\/\/www.german-flattrack.de\/wp-content\/uploads\/2025\/02\/Bildschirmfoto-2025-08-04-um-14.32.01-300x298.jpg 300w, https:\/\/www.german-flattrack.de\/wp-content\/uploads\/2025\/02\/Bildschirmfoto-2025-08-04-um-14.32.01-1024x1018.jpg 1024w, https:\/\/www.german-flattrack.de\/wp-content\/uploads\/2025\/02\/Bildschirmfoto-2025-08-04-um-14.32.01-768x763.jpg 768w, https:\/\/www.german-flattrack.de\/wp-content\/uploads\/2025\/02\/Bildschirmfoto-2025-08-04-um-14.32.01-1536x1527.jpg 1536w, https:\/\/www.german-flattrack.de\/wp-content\/uploads\/2025\/02\/Bildschirmfoto-2025-08-04-um-14.32.01.jpg 2000w\" sizes=\"auto, (max-width: 150px) 100vw, 150px\" \/><figcaption id=\"caption-attachment-2809\" class=\"wp-caption-text\">Patrick Esser<\/figcaption><\/figure>\n<h6><b><img loading=\"lazy\" decoding=\"async\" class=\"size-thumbnail wp-image-2811 alignleft\" src=\"http:\/\/www.german-flattrack.de\/wp-content\/uploads\/2025\/02\/Bildschirmfoto-2025-08-04-um-14.32.14-150x150.jpg\" alt=\"\" width=\"150\" height=\"150\">Name<\/b>: <strong>Patrick Esser<\/strong><\/h6>\n<h6><b>Motorrad<\/b>: Harley Davidson XR 750<\/h6>\n<h6><b>Startnummer<\/b>: 78<\/h6>\n<h6><b>Klasse:<\/b>&nbsp;VINTAGE (vor 1976)<\/h6>\n<p>&nbsp;<\/p>\n<p>&nbsp;<\/p>\n<figure id=\"attachment_3482\" aria-describedby=\"caption-attachment-3482\" style=\"width: 150px\" class=\"wp-caption alignleft\"><img loading=\"lazy\" decoding=\"async\" class=\"wp-image-3482 size-thumbnail\" src=\"http:\/\/www.german-flattrack.de\/wp-content\/uploads\/2025\/02\/Bildschirmfoto-2025-10-25-um-13.02.24-150x150.jpg\" alt=\"\" width=\"150\" height=\"150\" srcset=\"https:\/\/www.german-flattrack.de\/wp-content\/uploads\/2025\/02\/Bildschirmfoto-2025-10-25-um-13.02.24-150x150.jpg 150w, https:\/\/www.german-flattrack.de\/wp-content\/uploads\/2025\/02\/Bildschirmfoto-2025-10-25-um-13.02.24-300x300.jpg 300w, https:\/\/www.german-flattrack.de\/wp-content\/uploads\/2025\/02\/Bildschirmfoto-2025-10-25-um-13.02.24.jpg 686w\" sizes=\"auto, (max-width: 150px) 100vw, 150px\" \/><figcaption id=\"caption-attachment-3482\" class=\"wp-caption-text\">Olaf Naatz<\/figcaption><\/figure>\n<p><img loading=\"lazy\" decoding=\"async\" class=\"wp-image-3480 size-thumbnail alignleft\" src=\"http:\/\/www.german-flattrack.de\/wp-content\/uploads\/2025\/02\/Bildschirmfoto-2025-10-25-um-13.02.37-150x150.jpg\" alt=\"\" width=\"150\" height=\"150\"><\/p>\n<h6 style=\"text-align: left;\"><b>Name<\/b>: Olaf Naatz<\/h6>\n<h6 style=\"text-align: left;\"><b>Motorrad<\/b>: XT 500<\/h6>\n<h6 style=\"text-align: left;\"><b>Klassen<\/b>: NEWBIE<\/h6>\n<h6 style=\"text-align: left;\"><b>Startnummer<\/b>: 80<\/h6>\n<h6 style=\"text-align: left;\"><b>Anzahl Rennen<\/b>: 1<\/h6>\n<h6 style=\"text-align: left;\"><b>Wohnort<\/b>: 49636 Lienen<\/h6>\n<h6 style=\"text-align: left;\"><b>Text<\/b>: 23 und 24 Flattrack in Moorwinkeldamm angesehen. Im Suff gedacht, das kann ich auch&#8230; Drei Tage sp\u00e4ter Startplatz besorgt. Meine Freunde schenken mir zum Geburtstag das August- Intensivtraining in Halbemond. Tolle Menschen kennengelernt und vier Wochen sp\u00e4ter erstes Rennen in Mowidamm.<\/h6>\n<p>&nbsp;<\/p>\n<figure id=\"attachment_2631\" aria-describedby=\"caption-attachment-2631\" style=\"width: 150px\" class=\"wp-caption alignleft\"><img loading=\"lazy\" decoding=\"async\" class=\"wp-image-2631 size-thumbnail\" src=\"http:\/\/www.german-flattrack.de\/wp-content\/uploads\/2025\/02\/Bildschirmfoto-2025-06-08-um-21.19.36-150x150.jpg\" alt=\"\" width=\"150\" height=\"150\"><figcaption id=\"caption-attachment-2631\" class=\"wp-caption-text\">Damian Fettkenhauer<\/figcaption><\/figure>\n<h6><b><img loading=\"lazy\" decoding=\"async\" class=\"size-thumbnail wp-image-2635 alignleft\" src=\"http:\/\/www.german-flattrack.de\/wp-content\/uploads\/2025\/02\/Bildschirmfoto-2025-06-08-um-21.20.08-150x150.jpg\" alt=\"\" width=\"150\" height=\"150\">Name<\/b>: <strong>Damian Fettkenhauer<\/strong><\/h6>\n<h6><b>Motorrad<\/b>: Ft 500<\/h6>\n<h6><b>Startnummer<\/b>: 86<\/h6>\n<h6><b>Klasse<\/b>: ROOKIE<\/h6>\n<p>&nbsp;<\/p>\n<p>&nbsp;<\/p>\n<h6><b><img loading=\"lazy\" decoding=\"async\" class=\"alignleft wp-image-2948 size-thumbnail\" src=\"http:\/\/www.german-flattrack.de\/wp-content\/uploads\/2025\/02\/Bildschirmfoto-2025-08-12-um-09.20.23-150x150.jpg\" alt=\"\" width=\"150\" height=\"150\">Name<\/b>: <strong>Huub<\/strong><\/h6>\n<h6><b>Motorrad<\/b>: Husqvarna FC450<\/h6>\n<h6><b>Startnummer<\/b>: 88<\/h6>\n<h6><b>Klasse<\/b>: PRO\/AMATEUR<\/h6>\n<h6><b>Social<\/b>: @thehuubster<\/h6>\n<h6><b>Wohnort<\/b>: Dalen<\/h6>\n<h6><b>Text<\/b>: My father alway&#8217;s raced grasstrack in the netherlands in his teens\/twenties. At 16 I started in grasstrack but moved into flattrack after 2 seasons on recommendation of Maikel Dijkstra. Becoming dutch inter champion in 22&#8243; and securing a 4th overall in my first pro year and a 5th overall in my last pro year.<\/h6>\n<p>&nbsp;<\/p>\n<h6><b><img loading=\"lazy\" decoding=\"async\" class=\"size-thumbnail wp-image-2872 alignleft\" src=\"http:\/\/www.german-flattrack.de\/wp-content\/uploads\/2025\/02\/Bildschirmfoto-2025-08-04-um-15.41.47-150x150.jpg\" alt=\"\" width=\"150\" height=\"150\" srcset=\"https:\/\/www.german-flattrack.de\/wp-content\/uploads\/2025\/02\/Bildschirmfoto-2025-08-04-um-15.41.47-150x150.jpg 150w, https:\/\/www.german-flattrack.de\/wp-content\/uploads\/2025\/02\/Bildschirmfoto-2025-08-04-um-15.41.47-300x300.jpg 300w, https:\/\/www.german-flattrack.de\/wp-content\/uploads\/2025\/02\/Bildschirmfoto-2025-08-04-um-15.41.47-1024x1024.jpg 1024w, https:\/\/www.german-flattrack.de\/wp-content\/uploads\/2025\/02\/Bildschirmfoto-2025-08-04-um-15.41.47-768x768.jpg 768w, https:\/\/www.german-flattrack.de\/wp-content\/uploads\/2025\/02\/Bildschirmfoto-2025-08-04-um-15.41.47.jpg 1198w\" sizes=\"auto, (max-width: 150px) 100vw, 150px\" \/> <img loading=\"lazy\" decoding=\"async\" class=\"size-thumbnail wp-image-2870 alignleft\" src=\"http:\/\/www.german-flattrack.de\/wp-content\/uploads\/2025\/02\/Bildschirmfoto-2025-08-04-um-15.42.00-150x150.jpg\" alt=\"\" width=\"150\" height=\"150\">Name<\/b>: <strong>Hugo Lohoff<\/strong><\/h6>\n<h6><b>Motorrad<\/b>: Honda CRF und CRE<\/h6>\n<h6><b>Startnummer<\/b>: 93<\/h6>\n<h6><b>Wohnort<\/b>: 48336 Sassenberg<\/h6>\n<h6><b>Klasse:<\/b>&nbsp;PRO\/AMATEUR<\/h6>\n<p>&nbsp;<\/p>\n<h6><b><img loading=\"lazy\" decoding=\"async\" class=\"size-thumbnail wp-image-2563 alignleft\" src=\"http:\/\/www.german-flattrack.de\/wp-content\/uploads\/2025\/02\/Bildschirmfoto-2025-06-08-um-18.17.44-150x150.jpg\" alt=\"\" width=\"150\" height=\"150\"> <img loading=\"lazy\" decoding=\"async\" class=\"size-thumbnail wp-image-2565 alignleft\" src=\"http:\/\/www.german-flattrack.de\/wp-content\/uploads\/2025\/02\/Bildschirmfoto-2025-06-08-um-18.18.03-150x150.jpg\" alt=\"\" width=\"150\" height=\"150\">Name<\/b>: <strong>Oskar van Endert<\/strong><\/h6>\n<h6><b>Motorrad<\/b>: Husqvarna TC85<\/h6>\n<h6><b>Startnummer<\/b>: 99<\/h6>\n<h6><b>Klasse: <\/b>NEWBIE<\/h6>\n<p>&nbsp;<\/p>\n<p>&nbsp;<\/p>\n<h6><b> <img loading=\"lazy\" decoding=\"async\" class=\"wp-image-2916 size-thumbnail alignleft\" src=\"http:\/\/www.german-flattrack.de\/wp-content\/uploads\/2025\/02\/Bildschirmfoto-2025-08-07-um-12.20.52-150x150.jpg\" alt=\"\" width=\"150\" height=\"150\"><img loading=\"lazy\" decoding=\"async\" class=\"wp-image-2914 size-thumbnail alignleft\" src=\"http:\/\/www.german-flattrack.de\/wp-content\/uploads\/2025\/02\/Bildschirmfoto-2025-08-07-um-12.22.53-150x150.jpg\" alt=\"\" width=\"150\" height=\"150\">Name<\/b>: <strong>Menno van Meer<\/strong><\/h6>\n<h6><b>Email<\/b>: mennovanmeer@hotmail.com<\/h6>\n<h6><b>Motorrad<\/b>: Honda crf 450<\/h6>\n<h6><b>Startnummer<\/b>: 100<\/h6>\n<h6><b>Social<\/b>: Mennovanmeer100<\/h6>\n<h6><b>Wohnort<\/b>: Galder<\/h6>\n<h6><b>Info zur Person<\/b>: Hell yehhh gass yella yella<\/h6>\n<p><img loading=\"lazy\" decoding=\"async\" class=\"alignleft wp-image-2171 size-thumbnail\" src=\"http:\/\/www.german-flattrack.de\/wp-content\/uploads\/2025\/02\/Bildschirmfoto-2025-05-20-um-22.52.08-150x150.jpg\" alt=\"\" width=\"150\" height=\"150\"><\/p>\n<h6><b>Name<\/b>: <strong>Gioele Compri<\/strong><\/h6>\n<h6><b>Motorrad<\/b>: Kawasaki kxf 450<\/h6>\n<h6><b>Klassen<\/b>: PRO<\/h6>\n<h6><b>Startnummer<\/b>: 121<\/h6>\n<h6><b>Social Media<\/b>: Instagram: gioelecompri \/ facebook: Gioele Compri<\/h6>\n<h6><b>Wohnort<\/b>: Buttapietra (VR), Italy<\/h6>\n<h6>Hallo, ich bin Italiener und nehme seit 2022 an Flat-Track-Wettbewerben teil. Ich versuche, mich jedes Jahr zu verbessern und habe im letzten Jahr begonnen, im Ausland an Wettbewerben teilzunehmen, um mich immer weiter zu entwickeln. Ich m\u00f6chte ein bestimmtes Niveau erreichen, um irgendwann an der Flat-Track-Weltmeisterschaft teilnehmen zu k\u00f6nnen. Ich wei\u00df, dass es noch ein langer Weg ist, aber ich werde alles geben.<\/h6>\n<p>&nbsp;<\/p>\n<h6><b><img loading=\"lazy\" decoding=\"async\" class=\"size-thumbnail wp-image-2554 alignleft\" src=\"http:\/\/www.german-flattrack.de\/wp-content\/uploads\/2025\/02\/Bildschirmfoto-2025-06-08-um-17.33.27-150x150.jpg\" alt=\"\" width=\"150\" height=\"150\"><\/b><\/h6>\n<h6><img loading=\"lazy\" decoding=\"async\" class=\"size-thumbnail wp-image-2556 alignleft\" src=\"http:\/\/www.german-flattrack.de\/wp-content\/uploads\/2025\/02\/Bildschirmfoto-2025-06-08-um-17.33.48-150x150.jpg\" alt=\"\" width=\"150\" height=\"150\"><\/h6>\n<h6><b>Name<\/b>: <strong>Linus Welter<\/strong><\/h6>\n<h6><b>Motorrad<\/b>: SR500<\/h6>\n<h6><b>Startnummer<\/b>: 123<\/h6>\n<h6><b>Klasse: <\/b>ROOKIE<\/h6>\n<p>&nbsp;<\/p>\n<p>&nbsp;<\/p>\n<h6><b><img loading=\"lazy\" decoding=\"async\" class=\"size-thumbnail wp-image-2552 alignleft\" src=\"http:\/\/www.german-flattrack.de\/wp-content\/uploads\/2025\/02\/Bildschirmfoto-2025-06-08-um-17.28.52-150x150.jpg\" alt=\"\" width=\"150\" height=\"150\"><\/b><\/h6>\n<h6><img loading=\"lazy\" decoding=\"async\" class=\"wp-image-3238 size-thumbnail alignleft\" src=\"http:\/\/www.german-flattrack.de\/wp-content\/uploads\/2025\/02\/Bildschirmfoto-2025-08-24-um-20.42.51-150x150.jpg\" alt=\"\" width=\"150\" height=\"150\"><\/h6>\n<h6><b>Name<\/b>: Mio Welter<\/h6>\n<h6><b>Email<\/b>: weltermio@gmail.com<\/h6>\n<h6><b>Motorrad<\/b>: SR 500\/ ( Hoffentlich bald auch DR 650:)<\/h6>\n<h6><b>Klassen<\/b>: ROOKIE, CLASSIC<\/h6>\n<h6><b>Startnummer<\/b>: 124<\/h6>\n<h6><b>Anzahl Rennen<\/b>: Ca. 12<\/h6>\n<h6>&nbsp;<\/h6>\n<h6><b>SocialMedia<\/b>: Instagram: airheads.motorcycles<\/h6>\n<h6><b>Wohnort<\/b>: Berlin<\/h6>\n<h6><b>Text<\/b>: Seit 3 Jahren Mega Bock auf Flattrack. Super Leute kennengelernt! Macht alle Weiter so\ud83e\udd18<\/h6>\n<h6>&nbsp;<\/h6>\n<h6>&nbsp;<\/h6>\n<h6><b><img loading=\"lazy\" decoding=\"async\" class=\"size-thumbnail wp-image-2579 alignleft\" src=\"http:\/\/www.german-flattrack.de\/wp-content\/uploads\/2025\/02\/Bildschirmfoto-2025-06-08-um-19.26.59-150x150.jpg\" alt=\"\" width=\"150\" height=\"150\"> <img loading=\"lazy\" decoding=\"async\" class=\"size-thumbnail wp-image-2581 alignleft\" src=\"http:\/\/www.german-flattrack.de\/wp-content\/uploads\/2025\/02\/Bildschirmfoto-2025-06-08-um-19.27.18-150x150.jpg\" alt=\"\" width=\"150\" height=\"150\">Name<\/b>: <strong>Richard Japin&nbsp;<\/strong><\/h6>\n<h6><b>Motorrad<\/b>: Rotax framer<\/h6>\n<h6><b>Startnummer<\/b>: 129<\/h6>\n<h6><b>Klassen:<\/b> PRO\/AMATEUR, CLASSIC&nbsp;<\/h6>\n<p>&nbsp;<\/p>\n<p><img loading=\"lazy\" decoding=\"async\" class=\"alignleft wp-image-2181 size-thumbnail\" src=\"http:\/\/www.german-flattrack.de\/wp-content\/uploads\/2025\/02\/Bildschirmfoto-2025-05-20-um-23.05.34-150x150.jpg\" alt=\"\" width=\"150\" height=\"150\"><\/p>\n<h6><b>Name<\/b>: <strong>Valentin Wirtz<\/strong><\/h6>\n<h6><b>Motorrad<\/b>: Yamaha SR 500<\/h6>\n<h6><b>Klassen<\/b>: NEWBIE<\/h6>\n<h6><b>Startnummer<\/b>: 129<\/h6>\n<h6><b>Social Media<\/b>: metal_art_projects<\/h6>\n<h6><b>Wohnort<\/b>: 52525 Waldfeucht<\/h6>\n<h6>Mein Name ist Valentin und bin in der flattrack Reihe Neuling. Ich bin Schlosser und baue mir momentan meine SR 500 um als flat track. Mit 15 Jahren baute ich mir mein Mofa um und landete damals in der Custombike Zeitschrift. Ich w\u00fcrde mich freuen Teil haben zu d\u00fcrfen weil ich auf eine super sch\u00f6ne Zeit und sch\u00f6ne Gespr\u00e4che mich freue und auch andere Mopeds sehen kann wie diese umgebaut worden sind.<\/h6>\n<h6>&nbsp;<\/h6>\n<h6><b><img loading=\"lazy\" decoding=\"async\" class=\"size-thumbnail wp-image-2850 alignleft\" src=\"http:\/\/www.german-flattrack.de\/wp-content\/uploads\/2025\/02\/Bildschirmfoto-2025-08-04-um-15.27.12-150x150.jpg\" alt=\"\" width=\"150\" height=\"150\"><img loading=\"lazy\" decoding=\"async\" class=\"size-thumbnail wp-image-2852 alignleft\" src=\"http:\/\/www.german-flattrack.de\/wp-content\/uploads\/2025\/02\/IMG_4664-150x150.jpg\" alt=\"\" width=\"150\" height=\"150\">Name<\/b>: <strong>Jens Foehl<\/strong><\/h6>\n<h6><b>Motorrad<\/b>: HONDA XR 600<\/h6>\n<h6><b>Klassen<\/b>: NEWBIE<\/h6>\n<h6><b>Startnummer<\/b>: 132<\/h6>\n<h6><b>Social Media<\/b>: jf_oel<\/h6>\n<h6><b>Wohnort<\/b>: 26316 Gr\u00fcnenkamp<\/h6>\n<h6><strong>Text:&nbsp;<\/strong>Erster Kontakt durch die Idee im Rahmen der WHEELS &amp; WAKE ein FLATTRACK Rennen zu organisieren. Dort im tiefsten November das erste Mal zu Werbezwecken gefharen, nicht wissend, ob es links oder rechts rum geht. Den Drohnenfilm dann auf doppelte Geschwindigkeit gestellt, damit es wenigstens optisch eine gewisse Dynamik hat. Trotzdem und endg\u00fcltig ubfiziert durch ein &#8220;Try Out&#8221; in Lelystad.&nbsp;<\/h6>\n<h6>&nbsp;<\/h6>\n<h6>&nbsp;<\/h6>\n<h6><b><img loading=\"lazy\" decoding=\"async\" class=\"size-thumbnail wp-image-2598 alignleft\" src=\"http:\/\/www.german-flattrack.de\/wp-content\/uploads\/2025\/02\/Bildschirmfoto-2025-06-08-um-20.08.55-150x150.jpg\" alt=\"\" width=\"150\" height=\"150\"> <img loading=\"lazy\" decoding=\"async\" class=\"size-thumbnail wp-image-2596 alignleft\" src=\"http:\/\/www.german-flattrack.de\/wp-content\/uploads\/2025\/02\/Bildschirmfoto-2025-06-08-um-20.08.38-150x150.jpg\" alt=\"\" width=\"150\" height=\"150\">Name<\/b>: <strong>Marcel Klepel<\/strong><\/h6>\n<h6><b>Motorrad<\/b>: Honda XL 500<\/h6>\n<h6><b>Startnummer<\/b>: 157<\/h6>\n<h6><b>Klasse: <\/b>NEWBIE<\/h6>\n<h6>&nbsp;<\/h6>\n<h6>&nbsp;<\/h6>\n<h6>&nbsp;<\/h6>\n<h6><b>Name<\/b>: Rudi Ostertag<\/h6>\n<h6><b>Motorrad<\/b>: Yamaha xs400<\/h6>\n<h6>&nbsp;<\/h6>\n<h6><b><img loading=\"lazy\" decoding=\"async\" class=\"size-thumbnail wp-image-2891 alignleft\" src=\"http:\/\/www.german-flattrack.de\/wp-content\/uploads\/2025\/02\/Bildschirmfoto-2025-08-04-um-16.03.00-150x150.png\" alt=\"\" width=\"150\" height=\"150\"> <img loading=\"lazy\" decoding=\"async\" class=\"size-thumbnail wp-image-2893 alignleft\" src=\"http:\/\/www.german-flattrack.de\/wp-content\/uploads\/2025\/02\/Bildschirmfoto-2025-08-04-um-16.03.12-150x150.jpg\" alt=\"\" width=\"150\" height=\"150\">Startnummer<\/b>: 157<\/h6>\n<h6><b>Klasse: <\/b>ROOKIE, VINTAGE (1976-1998)<\/h6>\n<h6><b>SocialMedia<\/b>: wakanda_garages<\/h6>\n<h6><b>Wohnort<\/b>: Schw\u00e4bisch Gm\u00fcnd<\/h6>\n<h6><b>Text<\/b>: Nachdem ich es vor 4 Jahren sah musste ich einsteigen und habe zu bauen begonnen. Faszination pur seitdem. Ich liebe das schrauben, bauen, optimieren und meine Maschinen sind \u00fcber 40 Jahre alt. Love this. Mitglied im MSC Diedenbergen und AMC Haunstetten. Grandios ist die Offenheit und der Zusammenhalt in der FT-Szene. Ich geniesse die Zeit im &#8220;Fahrerlager&#8217;.<\/h6>\n<h6>&nbsp;<\/h6>\n<p><img loading=\"lazy\" decoding=\"async\" class=\"alignleft wp-image-2183 size-thumbnail\" src=\"http:\/\/www.german-flattrack.de\/wp-content\/uploads\/2025\/02\/Bildschirmfoto-2025-05-20-um-23.07.58-150x150.jpg\" alt=\"\" width=\"150\" height=\"150\"><\/p>\n<h6><b>Name<\/b>: <strong>Bernd Quergfelder<\/strong><\/h6>\n<h6><b>Motorrad<\/b>: Yamaha YZF 426<\/h6>\n<h6><b>Klassen<\/b>: PRO<\/h6>\n<h6><b>Startnummer<\/b>: 171<\/h6>\n<h6><b>Wohnort<\/b>: 91058 Erlangen<\/h6>\n<h6>Zum Flattrack bzw. wieder zum Motorsport bin ich 2021 durch Zufall \u00fcber den Krowdrace Cup gekommen.<br \/>\nBis 1993 bin ich Motocross gefahren anschlie\u00dfend noch zwei Jahre Supermoto danach beendete ich den Motorsport. Seither bin ich wieder infiziert und freue mich darauf bei euerem Cup teilnehmen zu d\u00fcrfen.<\/h6>\n<p>&nbsp;<\/p>\n<h6><b><img loading=\"lazy\" decoding=\"async\" class=\"size-thumbnail wp-image-2818 alignleft\" src=\"http:\/\/www.german-flattrack.de\/wp-content\/uploads\/2025\/02\/Bildschirmfoto-2025-08-04-um-14.39.15-150x150.jpg\" alt=\"\" width=\"150\" height=\"150\"><\/b><\/h6>\n<h6><b>Name<\/b>: <strong>Micael Schellmann<\/strong><\/h6>\n<h6><b>Motorrad<\/b>: KTM SX-F 450<\/h6>\n<h6><b>Startnummer<\/b>: 173<\/h6>\n<h6><b>Klasse:<\/b>&nbsp;PRO\/AMATEUR<\/h6>\n<p>&nbsp;<\/p>\n<p><img loading=\"lazy\" decoding=\"async\" class=\"alignleft wp-image-2336 size-thumbnail\" src=\"http:\/\/www.german-flattrack.de\/wp-content\/uploads\/2025\/02\/Bildschirmfoto-2025-05-26-um-10.46.30-150x150.jpg\" alt=\"\" width=\"150\" height=\"150\"><\/p>\n<h6><b><img loading=\"lazy\" decoding=\"async\" class=\"size-thumbnail wp-image-2334 alignleft\" src=\"http:\/\/www.german-flattrack.de\/wp-content\/uploads\/2025\/02\/Bildschirmfoto-2025-05-26-um-10.46.42-150x150.jpg\" alt=\"\" width=\"150\" height=\"150\">Name<\/b>: <strong>Occo Heymer<\/strong><\/h6>\n<h6><b>Motorrad<\/b>: Yamaha XS650 Framer<\/h6>\n<h6><b>Klassen<\/b>: ROOKIE, VINTAGE<\/h6>\n<h6><b>Startnummer<\/b>: 176<\/h6>\n<h6><b>Social Media<\/b>: @occo_flatland_176<\/h6>\n<h6><b>Wohnort<\/b>: Ruhrpott<\/h6>\n<h6><b>Text:<\/b> Fr\u00fcher Serienenduro-Rennen gefahren, Enduro-Fahrer mit dynamischer Fahrweise \ud83d\ude0a fahre das ganze Jahr. Wintermoped is ne Suzuki TS 250 Bj&#8217;76 \u270c\ufe0f Seit 2022 dem FlatTrack verfallen \ud83e\udd70 Erst mit einer umgebauten KTM SC620 \u270c\ufe0f jetzt eine Yamaha XS650 Framer mit Rahmen gebaut in Bremen, mit knapp 140kg fahfertig.<br \/>\nDurch flattracken viele nette Leute kennen gelernen \ud83e\udd17<\/h6>\n<p><img loading=\"lazy\" decoding=\"async\" class=\"alignleft wp-image-2188 size-thumbnail\" src=\"http:\/\/www.german-flattrack.de\/wp-content\/uploads\/2025\/02\/Bildschirmfoto-2025-05-20-um-23.14.19-150x150.jpg\" alt=\"\" width=\"150\" height=\"150\"><\/p>\n<h6><b>Name<\/b>: <strong>Simon Caraballo<\/strong><\/h6>\n<h6><b>Motorrad<\/b>: Honda CRF250R<\/h6>\n<h6><b>Klassen<\/b>: ROOKIE<\/h6>\n<h6><b>Startnummer<\/b>: 194<\/h6>\n<h6><b>Wohnort<\/b>: Wallisellen, Schweiz<\/h6>\n<h6>Zeit im &#8220;Fahrerlager&#8217;.<\/h6>\n<p>&nbsp;<\/p>\n<h6><b><img loading=\"lazy\" decoding=\"async\" class=\"wp-image-2844 size-thumbnail alignleft\" src=\"http:\/\/www.german-flattrack.de\/wp-content\/uploads\/2025\/02\/Bildschirmfoto-2025-08-04-um-15.10.47-150x150.jpg\" alt=\"\" width=\"150\" height=\"150\">Name<\/b>: <strong>Uta Ro\u00dfbach<\/strong><\/h6>\n<h6><b>Motorrad<\/b>: Honda FT 500<\/h6>\n<h6><b>Startnummer<\/b>: 195<\/h6>\n<h6><b>Klasse: <\/b>NEWBIE&nbsp;<\/h6>\n<p>&nbsp;<\/p>\n<h6><b> <img loading=\"lazy\" decoding=\"async\" class=\"size-thumbnail wp-image-2848 alignleft\" src=\"http:\/\/www.german-flattrack.de\/wp-content\/uploads\/2025\/02\/Bildschirmfoto-2025-08-04-um-15.17.23-150x150.jpg\" alt=\"\" width=\"150\" height=\"150\"><img loading=\"lazy\" decoding=\"async\" class=\"size-thumbnail wp-image-2846 alignleft\" src=\"http:\/\/www.german-flattrack.de\/wp-content\/uploads\/2025\/02\/Bildschirmfoto-2025-08-04-um-15.17.34-150x150.jpg\" alt=\"\" width=\"150\" height=\"150\">Name<\/b>: <strong>Christopher Liehr<\/strong><\/h6>\n<h6><b>Motorrad<\/b>: Honda XBR 500<\/h6>\n<h6><b>Startnummer<\/b>: 199<\/h6>\n<h6><b>Klassen: <\/b>NEWBIE, CLASSIC&nbsp;<\/h6>\n<h6>&nbsp;<\/h6>\n<p>&nbsp;<\/p>\n<h6>&nbsp;<\/h6>\n<h6><b><img loading=\"lazy\" decoding=\"async\" class=\"size-thumbnail wp-image-2573 alignleft\" src=\"http:\/\/www.german-flattrack.de\/wp-content\/uploads\/2025\/02\/Bildschirmfoto-2025-06-08-um-19.20.05-150x150.jpg\" alt=\"\" width=\"150\" height=\"150\"> <img loading=\"lazy\" decoding=\"async\" class=\"size-thumbnail wp-image-2575 alignleft\" src=\"http:\/\/www.german-flattrack.de\/wp-content\/uploads\/2025\/02\/Bildschirmfoto-2025-06-08-um-19.20.21-150x150.jpg\" alt=\"\" width=\"150\" height=\"150\">Name<\/b>: <strong>Carlos Fernandez Laser<\/strong><\/h6>\n<h6><b>Motorrad<\/b>: Survivor Customs CCM 604<\/h6>\n<h6><b>Startnummer<\/b>: 281<\/h6>\n<h6><b>Klasse: <\/b>PRO\/AMATEUR, VINTAGE&nbsp;<\/h6>\n<p>&nbsp;<\/p>\n<p>&nbsp;<\/p>\n<figure id=\"attachment_3279\" aria-describedby=\"caption-attachment-3279\" style=\"width: 150px\" class=\"wp-caption alignleft\"><img loading=\"lazy\" decoding=\"async\" class=\"wp-image-3279 size-thumbnail\" src=\"http:\/\/www.german-flattrack.de\/wp-content\/uploads\/2025\/02\/Bildschirmfoto-2025-08-25-um-15.26.42-150x150.jpg\" alt=\"\" width=\"150\" height=\"150\"><figcaption id=\"caption-attachment-3279\" class=\"wp-caption-text\">Frederike Nijenkamp<\/figcaption><\/figure>\n<h6><b>Name<\/b>: Frederike Nijenkamp<\/h6>\n<h6><b>Motorrad<\/b>: Suzuki RMZ 450<\/h6>\n<h6><b>Startnummer<\/b>: 315<\/h6>\n<h6><b>Social<\/b>: Insta @xfrederiike<\/h6>\n<h6><b>Wohnort<\/b>: Dalen<\/h6>\n<p>&nbsp;<\/p>\n<p><img loading=\"lazy\" decoding=\"async\" class=\"alignleft wp-image-2185 size-thumbnail\" src=\"http:\/\/www.german-flattrack.de\/wp-content\/uploads\/2025\/02\/Bildschirmfoto-2025-05-20-um-23.12.08-150x150.png\" alt=\"\" width=\"150\" height=\"150\"><\/p>\n<h6><b><img loading=\"lazy\" decoding=\"async\" class=\"size-thumbnail wp-image-2546 alignleft\" src=\"http:\/\/www.german-flattrack.de\/wp-content\/uploads\/2025\/02\/Bildschirmfoto-2025-06-08-um-06.14.31-150x150.jpg\" alt=\"\" width=\"150\" height=\"150\">Name<\/b>:<strong>&nbsp;Matthias<\/strong><strong>&#8220;Rabauke&#8221;<\/strong><strong>Bu\u00df<\/strong><\/h6>\n<h6><b>Motorrad<\/b>: XBR 500<\/h6>\n<h6><b>Klassen<\/b>: NEWBIE<\/h6>\n<h6><b>Startnummer<\/b>: 500<\/h6>\n<h6><b>Social Media<\/b>: Rabauke Custom<\/h6>\n<h6><b>Wohnort<\/b>:&nbsp; 26847 Detern<\/h6>\n<p>&nbsp;<\/p>\n<h6><b><img loading=\"lazy\" decoding=\"async\" class=\"alignleft wp-image-3083 size-thumbnail\" src=\"http:\/\/www.german-flattrack.de\/wp-content\/uploads\/2025\/02\/Bildschirmfoto-2025-08-14-um-14.56.44-150x150.jpg\" alt=\"\" width=\"150\" height=\"150\"> <img loading=\"lazy\" decoding=\"async\" class=\"alignleft wp-image-3081 size-thumbnail\" src=\"http:\/\/www.german-flattrack.de\/wp-content\/uploads\/2025\/02\/Bildschirmfoto-2025-08-14-um-14.57.36-150x150.jpg\" alt=\"\" width=\"150\" height=\"150\">Name<\/b>: <strong>Mia Kristoffersson<\/strong><\/h6>\n<h6><b>Email<\/b>: info@theevilmonkey.se<\/h6>\n<h6><b>Motorrad<\/b>: Co-Built<\/h6>\n<h6><b>Klassen<\/b>: ROOKIE<\/h6>\n<h6><b>Startnummer<\/b>: 567<\/h6>\n<h6><b>Anzahl<\/b>: apx 20<\/h6>\n<h6><b>SocialMedia<\/b>: @tkac_flattrackracingteam<\/h6>\n<h6><b>Wohnort<\/b>: Vetlanda Sweden<\/h6>\n<h6><b>Textarea<\/b>: Discovered flat track at the age of 52, A bit late but never too late \ud83d\ude42 Competing with horses all my life as well as riding vintage harleys since the mid 80&#8217;s. Got totally hooked on FT, slow as hell but really enjoying it and getting a little bit faster every time. Together with Conny Ivarsson we organize The Nordic Flat Track cup in Sweden, Norway and Finland. Its more know as Viking Cup and its the only Nordic Championship. Been racing in Germany, Holland, UK and of course Denmark, Norway, Finland and Sweden. The challenge and the community is the best part of flat track.<\/h6>\n<p>&nbsp;<\/p>\n<h6 style=\"text-align: left;\"><b><img loading=\"lazy\" decoding=\"async\" class=\"alignleft wp-image-3485 size-thumbnail\" src=\"http:\/\/www.german-flattrack.de\/wp-content\/uploads\/2025\/02\/Bildschirmfoto-2025-10-25-um-13.05.42-150x150.jpg\" alt=\"\" width=\"150\" height=\"150\"><img loading=\"lazy\" decoding=\"async\" class=\"wp-image-3487 size-thumbnail alignleft\" src=\"http:\/\/www.german-flattrack.de\/wp-content\/uploads\/2025\/02\/Bildschirmfoto-2025-10-25-um-13.05.29-150x150.jpg\" alt=\"\" width=\"150\" height=\"150\">Name<\/b>: Torsten Bohlen<\/h6>\n<h6 style=\"text-align: left;\"><b>Motorrad<\/b>: Yamaha RD 250<\/h6>\n<h6 style=\"text-align: left;\"><b>Klassen<\/b>: NEWBIE<\/h6>\n<h6 style=\"text-align: left;\"><b>Startnummer<\/b>: 624<\/h6>\n<h6 style=\"text-align: left;\"><b>Anzahl<\/b>: Noch keins<\/h6>\n<h6 style=\"text-align: left;\"><b>Wohnort<\/b>: Grossheide\/ Ostfriesland<\/h6>\n<h6 style=\"text-align: left;\"><b>Text<\/b>: Durch das Flattrack bin ich durch meinem Kumpel Holger Wilberts gekommen. Einmal zugesehn, gleich angefixxt &#8230;<br \/>\nEinige male an Trainigs in Halbemond teilgenommen, aber bis jetzt noch kein Rennen gefahren.<\/h6>\n<p>&nbsp;<\/p>\n<p><img loading=\"lazy\" decoding=\"async\" class=\"alignleft wp-image-2173 size-thumbnail\" src=\"http:\/\/www.german-flattrack.de\/wp-content\/uploads\/2025\/02\/Bildschirmfoto-2025-05-20-um-22.53.47-150x150.jpg\" alt=\"\" width=\"150\" height=\"150\"><\/p>\n<h6><b>Name<\/b>:<strong> Ralf Poppe<\/strong><\/h6>\n<h6><b>Motorrad<\/b>: Suzuki DR500 @650ccm \/ Moto Morini 3,5 @650ccm)<\/h6>\n<h6><b>Klassen<\/b>: ROOKIE<\/h6>\n<h6><b>Startnummer<\/b>: 641<\/h6>\n<h6>Racebike bauen, Rennen fahren, Spa\u00df haben. \ud83d\ude09<\/h6>\n<p>&nbsp;<\/p>\n<h6><b> <img loading=\"lazy\" decoding=\"async\" class=\"size-thumbnail wp-image-2643 alignleft\" src=\"http:\/\/www.german-flattrack.de\/wp-content\/uploads\/2025\/02\/Bildschirmfoto-2025-06-08-um-21.31.14-150x150.jpg\" alt=\"\" width=\"150\" height=\"150\"><img loading=\"lazy\" decoding=\"async\" class=\"size-thumbnail wp-image-2641 alignleft\" src=\"http:\/\/www.german-flattrack.de\/wp-content\/uploads\/2025\/02\/Bildschirmfoto-2025-06-08-um-21.31.39-150x150.jpg\" alt=\"\" width=\"150\" height=\"150\" srcset=\"https:\/\/www.german-flattrack.de\/wp-content\/uploads\/2025\/02\/Bildschirmfoto-2025-06-08-um-21.31.39-150x150.jpg 150w, https:\/\/www.german-flattrack.de\/wp-content\/uploads\/2025\/02\/Bildschirmfoto-2025-06-08-um-21.31.39-300x300.jpg 300w, https:\/\/www.german-flattrack.de\/wp-content\/uploads\/2025\/02\/Bildschirmfoto-2025-06-08-um-21.31.39-768x768.jpg 768w, https:\/\/www.german-flattrack.de\/wp-content\/uploads\/2025\/02\/Bildschirmfoto-2025-06-08-um-21.31.39.jpg 804w\" sizes=\"auto, (max-width: 150px) 100vw, 150px\" \/>Name<\/b>: <strong>Nicole Schulz<\/strong><\/h6>\n<h6><b>Motorrad<\/b>: Honda FT500<\/h6>\n<h6><b>Startnummer<\/b>: 696<\/h6>\n<h6><b>Klassen: <\/b>ROOKIE, GIRLS CLUB<\/h6>\n<p>&nbsp;<\/p>\n<p><img loading=\"lazy\" decoding=\"async\" class=\"alignleft wp-image-2251 size-thumbnail\" src=\"http:\/\/www.german-flattrack.de\/wp-content\/uploads\/2025\/02\/Bildschirmfoto-2025-05-22-um-06.55.12-1-150x150.jpg\" alt=\"\" width=\"150\" height=\"150\"><\/p>\n<h6><b><img loading=\"lazy\" decoding=\"async\" class=\"size-thumbnail wp-image-2253 alignleft\" src=\"http:\/\/www.german-flattrack.de\/wp-content\/uploads\/2025\/02\/Bildschirmfoto-2025-05-22-um-06.54.47-150x150.jpg\" alt=\"\" width=\"150\" height=\"150\">Name<\/b>: <strong>Michael Mohsakowski<\/strong><\/h6>\n<h6><b>Motorrad<\/b>: BSA B50, Honda XBR 500<\/h6>\n<h6><b>Klassen<\/b>: ROOKIE \/ VINTAGE<\/h6>\n<h6><b>Startnummer<\/b>: 711<\/h6>\n<h6><b>Social Media<\/b>: Insta: mach1z<\/h6>\n<h6><b>Wohnort<\/b>: Stuttgart<\/h6>\n<h6><strong>Text<\/strong>: Sch\u00f6ne Bikes bauen. Funktionelle Bikes bauen.<\/h6>\n<h6>Was ich hasse: 1. Schrauben zwischen den L\u00e4ufen 2. Loch im Schlauch 3. Reifen wechseln<\/h6>\n<h6>Lieblingsbahn: Halbemond, Diedenbergen<\/h6>\n<h6>Was ich Liebe: Stimmung Fahrerlager, My Honeybunny<\/h6>\n<p>&nbsp;<\/p>\n<h6><b><img loading=\"lazy\" decoding=\"async\" class=\"wp-image-3547 size-thumbnail alignleft\" src=\"http:\/\/www.german-flattrack.de\/wp-content\/uploads\/2025\/02\/Bildschirmfoto-2025-10-26-um-16.09.00-150x150.jpg\" alt=\"\" width=\"150\" height=\"150\"> <img loading=\"lazy\" decoding=\"async\" class=\"wp-image-3549 size-thumbnail alignleft\" src=\"http:\/\/www.german-flattrack.de\/wp-content\/uploads\/2025\/02\/Bildschirmfoto-2025-10-26-um-16.08.43-150x150.jpg\" alt=\"\" width=\"150\" height=\"150\">Name<\/b>: Nicole Schulz<\/h6>\n<h6><b>Motorrad<\/b>: Honda FT 500<\/h6>\n<h6><b>Klassen<\/b>: FEMALE<\/h6>\n<h6><b>Startnummer<\/b>: 696<\/h6>\n<h6><b>Anzahl<\/b>: 1<\/h6>\n<h6><b>Social Media<\/b>: Nicoleschulz777<\/h6>\n<h6><b>Wohnort<\/b>: Kritzmiw<\/h6>\n<h6><b>Text<\/b>: Wheels&amp; Wake hat mich so geflasht 2023 das ich dachte,das genau meins!<br \/>\nS\u00f6nke kontaktiert,die Honda gekauft und wenn Zeit war trainiert..zu wenig,2026 m\u00f6chte ich mehr trainieren und sicherer werden.Spa\u00df muss es machen..Die geilste Bahn die ich gefahren bin, war bis jetzt Wittstock,Leystad is die coolste und Albertsdorf die ,wo ich am meisten Fahrspass habe.Geiler Sport,coole Leute und geiler Sound<\/h6>\n<p>&nbsp;<\/p>\n<h6><b><img loading=\"lazy\" decoding=\"async\" class=\"size-thumbnail wp-image-2868 alignleft\" src=\"http:\/\/www.german-flattrack.de\/wp-content\/uploads\/2025\/02\/Bildschirmfoto-2025-08-04-um-15.39.12-150x150.jpg\" alt=\"\" width=\"150\" height=\"150\"> <img loading=\"lazy\" decoding=\"async\" class=\"size-thumbnail wp-image-2866 alignleft\" src=\"http:\/\/www.german-flattrack.de\/wp-content\/uploads\/2025\/02\/Bildschirmfoto-2025-08-04-um-15.39.25-150x150.jpg\" alt=\"\" width=\"150\" height=\"150\">Name<\/b>:<strong> Andreas Einbock<\/strong><\/h6>\n<h6><b>Motorrad<\/b>: Stark VARG<\/h6>\n<h6><b>Startnummer<\/b>: 727<\/h6>\n<h6><b>Klasse: <\/b>NEWBIE<\/h6>\n<h6><b>Text<\/b>: NEWBIE, hoffe auf coolen, freundschaftlichen Support. Vielen Dank<\/h6>\n<p>&nbsp;<\/p>\n<h6>&nbsp;<\/h6>\n<h6><b><img loading=\"lazy\" decoding=\"async\" class=\"size-thumbnail wp-image-2521 alignleft\" src=\"http:\/\/www.german-flattrack.de\/wp-content\/uploads\/2025\/02\/Bildschirmfoto-2025-06-07-um-11.54.11-150x150.jpg\" alt=\"\" width=\"150\" height=\"150\"> <img loading=\"lazy\" decoding=\"async\" class=\"size-thumbnail wp-image-2523 alignleft\" src=\"http:\/\/www.german-flattrack.de\/wp-content\/uploads\/2025\/02\/Bildschirmfoto-2025-06-07-um-11.54.24-150x150.jpg\" alt=\"\" width=\"150\" height=\"150\">Name<\/b>: <strong>Tobias Tiedemann<\/strong><\/h6>\n<h6><b>Motorrad<\/b>: Yamaha SR 500 &#8217;79<\/h6>\n<h6><b>Startnummer<\/b>: 811<\/h6>\n<p>&nbsp;<\/p>\n<p>&nbsp;<\/p>\n<h6><b> <img loading=\"lazy\" decoding=\"async\" class=\"wp-image-3118 size-thumbnail alignleft\" src=\"http:\/\/www.german-flattrack.de\/wp-content\/uploads\/2025\/02\/Bildschirmfoto-2025-08-16-um-10.56.48-150x150.jpg\" alt=\"\" width=\"150\" height=\"150\"><img loading=\"lazy\" decoding=\"async\" class=\"wp-image-3116 size-thumbnail alignleft\" src=\"http:\/\/www.german-flattrack.de\/wp-content\/uploads\/2025\/02\/Bildschirmfoto-2025-08-16-um-10.56.34-150x150.jpg\" alt=\"\" width=\"150\" height=\"150\">Name<\/b>: S\u00f6nke Sander<\/h6>\n<h6><b>Motorrad<\/b>: Sunday S147, Yamaha XS500, Honda XL500<\/h6>\n<h6><b>Klassen<\/b>: NEWBIE<\/h6>\n<h6><b>Startnummer<\/b>: 951<\/h6>\n<h6><b>Anzahl<\/b>: 0<\/h6>\n<h6><b>SocialMedia<\/b>: Instagram @rost.und.radau<\/h6>\n<h6><b>Wohnort<\/b>: Dornumersiel<\/h6>\n<h6><b>Menu 805<\/b>: Ja\/Yes<\/h6>\n<h6><b>Text:<\/b> Halbstark &#8211; Ganz Schnell. Beruflich bin ich Krabbenfischer aber nachdem mich mein Bruder zum ersten Mal zum flattrack gezehrt hatte musste unbedingt ein Motorrad her, und dann noch eins und noch eins. Rennen bin ich bisher keines gefahren daf\u00fcr aber Trainings unter meik l\u00fcders vom Motodrom.<br \/>\nbeim moonrace werde ich in der newbie klasse antreten und den Gasgriff nicht loslassen bis ich Gott oder die Zielflagge sehe<\/h6>\n<p>&nbsp;<\/p>\n<p><img loading=\"lazy\" decoding=\"async\" class=\"alignleft wp-image-2177 size-thumbnail\" src=\"http:\/\/www.german-flattrack.de\/wp-content\/uploads\/2025\/02\/Bildschirmfoto-2025-05-20-um-23.00.04-150x150.jpg\" alt=\"\" width=\"150\" height=\"150\"><\/p>\n<h6><b>Name<\/b>:<strong> Rudi Full<\/strong><\/h6>\n<h6><b>Motorrad<\/b>: HD Ironhead Sportster<\/h6>\n<h6><b>Klassen<\/b>: VINTAGE<\/h6>\n<h6><b>Social Media<\/b>: full_with_rudi<\/h6>\n<h6><b>Wohnort<\/b>: Retzstadt<\/h6>\n<h6>Erste Fahrt in England beim Dirt Quake 2017, Krowdrace Vintage true Gold mit 53 er Panhead, zwei Rennen mitgefahren, seit 2024 Ironhead Sportster im Training in Diedenbergen, Lieblings Bahn Mei\u00dfen, In Love with Vintage Flattracker.<\/h6>\n<h6>&nbsp;<\/h6>\n<h6>&nbsp;<\/h6>\n","protected":false},"excerpt":{"rendered":"<p>Hier findest du die Profile der Flattrack Fahrer Deutschlands bzw. Europas. Nat\u00fcrlich nur, wenn sie sich auf der Webseite eingetragen haben. Here you can find<\/p>\n<div class=\"more-link-wrapper\"><a class=\"more-link\" href=\"https:\/\/www.german-flattrack.de\/en\/fahrer-profile-riders-profiles\/\">Continue Reading<span class=\"screen-reader-text\">Fahrer Profile \/ Riders Profiles<\/span><\/a><\/div>\n","protected":false},"author":1,"featured_media":3813,"comment_status":"closed","ping_status":"closed","sticky":false,"template":"","format":"standard","meta":{"ngg_post_thumbnail":0,"_price":"","_stock":"","_tribe_ticket_header":"","_tribe_default_ticket_provider":"","_tribe_ticket_capacity":"","_ticket_start_date":"","_ticket_end_date":"","_tribe_ticket_show_description":"","_tribe_ticket_show_not_going":false,"_tribe_ticket_use_global_stock":"","_tribe_ticket_global_stock_level":"","_global_stock_mode":"","_global_stock_cap":"","_tribe_rsvp_for_event":"","_tribe_ticket_going_count":"","_tribe_ticket_not_going_count":"","_tribe_tickets_list":"[]","_tribe_ticket_has_attendee_info_fields":false,"footnotes":""},"categories":[51,1],"tags":[],"class_list":["post-1751","post","type-post","status-publish","format-standard","has-post-thumbnail","hentry","category-german-flattrack","category-nicht-kategorisiert","entry"],"aioseo_notices":[],"_links":{"self":[{"href":"https:\/\/www.german-flattrack.de\/en\/wp-json\/wp\/v2\/posts\/1751","targetHints":{"allow":["GET"]}}],"collection":[{"href":"https:\/\/www.german-flattrack.de\/en\/wp-json\/wp\/v2\/posts"}],"about":[{"href":"https:\/\/www.german-flattrack.de\/en\/wp-json\/wp\/v2\/types\/post"}],"author":[{"embeddable":true,"href":"https:\/\/www.german-flattrack.de\/en\/wp-json\/wp\/v2\/users\/1"}],"replies":[{"embeddable":true,"href":"https:\/\/www.german-flattrack.de\/en\/wp-json\/wp\/v2\/comments?post=1751"}],"version-history":[{"count":3,"href":"https:\/\/www.german-flattrack.de\/en\/wp-json\/wp\/v2\/posts\/1751\/revisions"}],"predecessor-version":[{"id":3644,"href":"https:\/\/www.german-flattrack.de\/en\/wp-json\/wp\/v2\/posts\/1751\/revisions\/3644"}],"wp:featuredmedia":[{"embeddable":true,"href":"https:\/\/www.german-flattrack.de\/en\/wp-json\/wp\/v2\/media\/3813"}],"wp:attachment":[{"href":"https:\/\/www.german-flattrack.de\/en\/wp-json\/wp\/v2\/media?parent=1751"}],"wp:term":[{"taxonomy":"category","embeddable":true,"href":"https:\/\/www.german-flattrack.de\/en\/wp-json\/wp\/v2\/categories?post=1751"},{"taxonomy":"post_tag","embeddable":true,"href":"https:\/\/www.german-flattrack.de\/en\/wp-json\/wp\/v2\/tags?post=1751"}],"curies":[{"name":"wp","href":"https:\/\/api.w.org\/{rel}","templated":true}]}}